{"id":14381,"date":"2020-10-06T11:11:14","date_gmt":"2020-10-06T14:11:14","guid":{"rendered":"https:\/\/pinews.com.br\/?p=14381"},"modified":"2020-10-06T11:11:14","modified_gmt":"2020-10-06T14:11:14","slug":"apos-quase-1-ano-sem-casos-piaui-volta-a-registrar-foco-de-peste-suina-classica","status":"publish","type":"post","link":"https:\/\/pinews.com.br\/index.php\/2020\/10\/06\/apos-quase-1-ano-sem-casos-piaui-volta-a-registrar-foco-de-peste-suina-classica\/","title":{"rendered":"Ap\u00f3s quase 1 ano sem casos, Piau\u00ed volta a registrar foco de Peste Su\u00edna Cl\u00e1ssica"},"content":{"rendered":"\n<p>O Piau\u00ed voltou a registrar foco de Peste Su\u00edna Cl\u00e1ssica (PSC). Segundo nota t\u00e9cnida do Minist\u00e9rio da Agricultura, Pecu\u00e1ria e Abastecimento (MAPA), a doen\u00e7a foi confirmada no dia 02 de outubro em criat\u00f3rio de su\u00ednos para subsist\u00eancia no munic\u00edpio de Parna\u00edba, no litoral do Piau\u00ed. A regi\u00e3o \u00e9 considerada fora da zona reconhecida como livre de PSC pela Organiza\u00e7\u00e3o Mundial de Sa\u00fade Animal (OIE).<\/p>\n\n\n\n<p>A \u00faltima ocorr\u00eancia de PSC no Piau\u00ed foi detectada em novembro de 2019. O atual foco foi&nbsp;noficado \u00e0 OIE pelo MAPA. Segundo o Minist\u00e9rio, os animais doentes apresentaram sinais cl\u00ednicos compaveis com PSC e o diagn\u00f3sco foi confirmado pelo Laborat\u00f3rio Federal de Defesa&nbsp;Agropecu\u00e1ria em Pedro Leopoldo, Minas Gerais.<\/p>\n\n\n\n<p>\u201cA propriedade foi interditada pelo servi\u00e7o veterin\u00e1rio estadual desde o primeiro atendimento e est\u00e1 em andamento uma invesga\u00e7\u00e3o para rastreamento de prov\u00e1vel origem e v\u00ednculos epidemiol\u00f3gicos. Conforme previsto para erradica\u00e7\u00e3o de focos de PSC no pa\u00eds, ser\u00e1 realizada a eutan\u00e1sia de todos os su\u00ednos e desinfec\u00e7\u00e3o na propriedade\u201d, informou o MAPA em nota.<\/p>\n\n\n\n<p>Ainda de acordo com o MAPA, o Piau\u00ed faz parte da zona n\u00e3o reconhecida como livre de PSC, juntamente com outros 10 estados (AL, AM, RR, PA, AP, MA, CE, RN, PB, PE).<\/p>\n\n\n\n<p>\u201cEssa nova ocorr\u00eancia n\u00e3o interfere no status da zona livre de PSC reconhecida pela OIE, n\u00e3o jusficando restri\u00e7\u00f5es ao com\u00e9rcio internacional de su\u00ednos e seus produtos. Al\u00e9m disso, a doen\u00e7a n\u00e3o \u00e9 transmida para seres humanos e n\u00e3o tem impacto na sa\u00fade p\u00fablica\u201d, informou o \u00f3rg\u00e3o.<\/p>\n\n\n\n<p>O Piau\u00ed come\u00e7ou registrar focos de PSC em abril do ano passado. Ao todo foram quase 20 nas cidades de Brasileira, Cabeceiras do Piau\u00ed, Domingos Mour\u00e3o, Lagoa do Piau\u00ed, Milton Brand\u00e3o, Murici dos Portela e S\u00e3o Jo\u00e3o do Arraial.<\/p>\n\n\n\n<p><strong>Fonte: H\u00e9rlon Moraes\/ Cidade Verde <\/strong><\/p>\n","protected":false},"excerpt":{"rendered":"<p>O Piau\u00ed voltou a registrar foco de Peste Su\u00edna Cl\u00e1ssica (PSC). Segundo nota t\u00e9cnida do Minist\u00e9rio da Agricultura, Pecu\u00e1ria e Abastecimento (MAPA), a doen\u00e7a foi confirmada no dia 02 de outubro em criat\u00f3rio de su\u00ednos para subsist\u00eancia no munic\u00edpio de Parna\u00edba, no litoral do Piau\u00ed. A regi\u00e3o \u00e9 considerada fora da zona reconhecida como livre [&hellip;]<\/p>\n","protected":false},"author":1,"featured_media":14382,"comment_status":"open","ping_status":"open","sticky":false,"template":"","format":"standard","meta":{"beyondwords_generate_audio":"","beyondwords_project_id":"","beyondwords_podcast_id":"","beyondwords_hash":"","beyondwords_error_message":"","beyondwords_disabled":"","publish_post_to_speechkit":"","speechkit_generate_audio":"","speechkit_project_id":"","speechkit_podcast_id":"","speechkit_hash":"","speechkit_error_message":"","speechkit_disabled":"","speechkit_access_key":"","speechkit_error":"","speechkit_info":"","speechkit_response":"","speechkit_retries":"","_speechkit_link":"","_speechkit_text":""},"categories":[51],"tags":[602,70,432,5964,44,5965,5966,52,323,615,975,5967,3342],"jetpack_featured_media_url":"","_links":{"self":[{"href":"https:\/\/pinews.com.br\/index.php\/wp-json\/wp\/v2\/posts\/14381"}],"collection":[{"href":"https:\/\/pinews.com.br\/index.php\/wp-json\/wp\/v2\/posts"}],"about":[{"href":"https:\/\/pinews.com.br\/index.php\/wp-json\/wp\/v2\/types\/post"}],"author":[{"embeddable":true,"href":"https:\/\/pinews.com.br\/index.php\/wp-json\/wp\/v2\/users\/1"}],"replies":[{"embeddable":true,"href":"https:\/\/pinews.com.br\/index.php\/wp-json\/wp\/v2\/comments?post=14381"}],"version-history":[{"count":0,"href":"https:\/\/pinews.com.br\/index.php\/wp-json\/wp\/v2\/posts\/14381\/revisions"}],"wp:featuredmedia":[{"embeddable":true,"href":"https:\/\/pinews.com.br\/index.php\/wp-json\/"}],"wp:attachment":[{"href":"https:\/\/pinews.com.br\/index.php\/wp-json\/wp\/v2\/media?parent=14381"}],"wp:term":[{"taxonomy":"category","embeddable":true,"href":"https:\/\/pinews.com.br\/index.php\/wp-json\/wp\/v2\/categories?post=14381"},{"taxonomy":"post_tag","embeddable":true,"href":"https:\/\/pinews.com.br\/index.php\/wp-json\/wp\/v2\/tags?post=14381"}],"curies":[{"name":"wp","href":"https:\/\/api.w.org\/{rel}","templated":true}]}}