{"id":14390,"date":"2020-10-06T18:52:39","date_gmt":"2020-10-06T21:52:39","guid":{"rendered":"https:\/\/pinews.com.br\/?p=14390"},"modified":"2020-10-06T18:52:39","modified_gmt":"2020-10-06T21:52:39","slug":"apos-furto-de-300-metros-de-cabos-ponte-estaiada-fica-sem-iluminacao-adequada","status":"publish","type":"post","link":"https:\/\/pinews.com.br\/index.php\/2020\/10\/06\/apos-furto-de-300-metros-de-cabos-ponte-estaiada-fica-sem-iluminacao-adequada\/","title":{"rendered":"Ap\u00f3s furto de 300 metros de cabos, Ponte Estaiada fica sem ilumina\u00e7\u00e3o adequada"},"content":{"rendered":"\n<p>Pelo menos 300 metros de cabos de energia foram roubados do sistema de ilumina\u00e7\u00e3o da Ponte Estaiada Jo\u00e3o Isidoro Fran\u00e7a, que liga as Zonas Norte e Leste de Teresina, nos \u00faltimos dias. De acordo com o coordenador da ilumina\u00e7\u00e3o p\u00fablica de Teresina, Augusto C\u00e9sar Monte, o material estaria sendo furtado por usu\u00e1rios de drogas.<\/p>\n\n\n\n<p>&#8220;N\u00e3o \u00e9 a primeira vez. Na nossa cidade \u00e9 algo que tem sido corriqueiro. Aqui na Avenida Raul Lopes, Avenida Marechal Castelo Branco, Parque Lagoas do Norte sofremos com esse tipo de a\u00e7\u00f5es que prejudicam a popula\u00e7\u00e3o, que utiliza esses espa\u00e7os para pr\u00e1tica de esporte e lazer e acaba ficando na escurid\u00e3o&#8221;, disse.<\/p>\n\n\n\n<p>Segundo o coordenador, os fios ficam dentro da estrutura subterr\u00e2nea da constru\u00e7\u00e3o. Apesar do sistema anti-furto instalado para coibir essas a\u00e7\u00f5es, as ocorr\u00eancias de furto de fia\u00e7\u00e3o el\u00e9trica aumentaram a partir do m\u00eas de setembro.<\/p>\n\n\n\n<p>&#8220;Eles simplesmente quebram uma estrutura de concreto e serragem com mais de 20 cent\u00edmetros que cobre os cabos e que acabam comprometendo a ilumina\u00e7\u00e3o da ponte&#8221;, afirmou.<\/p>\n\n\n\n<h2>Den\u00fancia<\/h2>\n\n\n\n<p>Conforme Augusto C\u00e9sar Monte, os cabos de cobre est\u00e3o sendo substitu\u00eddos por cabos de alum\u00ednio, que possuem menor valor no mercado clandestino. Embora os cabos de alum\u00ednio demandem mais manuten\u00e7\u00e3o, a medida foi tomada para diminuir a ocorr\u00eancia de furtos.<\/p>\n\n\n\n<p>&#8220;Isso \u00e9 crime. Pedimos \u00e0 popula\u00e7\u00e3o, quando vir algo que fuja da normalidade, que n\u00e3o sejam equipes caracterizadas como a nossa, que entrem em contato com os \u00f3rg\u00e3os de seguran\u00e7a do estado para que eles possam nos ajudar a coibir esse tipo de a\u00e7\u00e3o&#8221;, pediu.<\/p>\n\n\n\n<p>A den\u00fancia pode ser feita \u00e0 PM pelo n\u00famero 190.<\/p>\n\n\n\n<p><strong>Fonte: G1 PI <\/strong><\/p>\n","protected":false},"excerpt":{"rendered":"<p>Pelo menos 300 metros de cabos de energia foram roubados do sistema de ilumina\u00e7\u00e3o da Ponte Estaiada Jo\u00e3o Isidoro Fran\u00e7a, que liga as Zonas Norte e Leste de Teresina, nos \u00faltimos dias. De acordo com o coordenador da ilumina\u00e7\u00e3o p\u00fablica de Teresina, Augusto C\u00e9sar Monte, o material estaria sendo furtado por usu\u00e1rios de drogas. &#8220;N\u00e3o [&hellip;]<\/p>\n","protected":false},"author":1,"featured_media":14391,"comment_status":"open","ping_status":"open","sticky":false,"template":"","format":"standard","meta":{"beyondwords_generate_audio":"","beyondwords_project_id":"","beyondwords_podcast_id":"","beyondwords_hash":"","beyondwords_error_message":"","beyondwords_disabled":"","publish_post_to_speechkit":"","speechkit_generate_audio":"","speechkit_project_id":"","speechkit_podcast_id":"","speechkit_hash":"","speechkit_error_message":"","speechkit_disabled":"","speechkit_access_key":"","speechkit_error":"","speechkit_info":"","speechkit_response":"","speechkit_retries":"","_speechkit_link":"","_speechkit_text":""},"categories":[51,78,81],"tags":[941,5969,70,5970,44,5971,160,988,5972,322,865,975],"jetpack_featured_media_url":"","_links":{"self":[{"href":"https:\/\/pinews.com.br\/index.php\/wp-json\/wp\/v2\/posts\/14390"}],"collection":[{"href":"https:\/\/pinews.com.br\/index.php\/wp-json\/wp\/v2\/posts"}],"about":[{"href":"https:\/\/pinews.com.br\/index.php\/wp-json\/wp\/v2\/types\/post"}],"author":[{"embeddable":true,"href":"https:\/\/pinews.com.br\/index.php\/wp-json\/wp\/v2\/users\/1"}],"replies":[{"embeddable":true,"href":"https:\/\/pinews.com.br\/index.php\/wp-json\/wp\/v2\/comments?post=14390"}],"version-history":[{"count":0,"href":"https:\/\/pinews.com.br\/index.php\/wp-json\/wp\/v2\/posts\/14390\/revisions"}],"wp:featuredmedia":[{"embeddable":true,"href":"https:\/\/pinews.com.br\/index.php\/wp-json\/"}],"wp:attachment":[{"href":"https:\/\/pinews.com.br\/index.php\/wp-json\/wp\/v2\/media?parent=14390"}],"wp:term":[{"taxonomy":"category","embeddable":true,"href":"https:\/\/pinews.com.br\/index.php\/wp-json\/wp\/v2\/categories?post=14390"},{"taxonomy":"post_tag","embeddable":true,"href":"https:\/\/pinews.com.br\/index.php\/wp-json\/wp\/v2\/tags?post=14390"}],"curies":[{"name":"wp","href":"https:\/\/api.w.org\/{rel}","templated":true}]}}