{"id":14414,"date":"2020-10-08T09:52:56","date_gmt":"2020-10-08T12:52:56","guid":{"rendered":"https:\/\/pinews.com.br\/?p=14414"},"modified":"2020-10-08T09:52:56","modified_gmt":"2020-10-08T12:52:56","slug":"enem-estudantes-tem-ate-hoje-para-inserir-foto-no-cadastro-2","status":"publish","type":"post","link":"https:\/\/pinews.com.br\/index.php\/2020\/10\/08\/enem-estudantes-tem-ate-hoje-para-inserir-foto-no-cadastro-2\/","title":{"rendered":"Enem: estudantes t\u00eam at\u00e9 hoje para inserir foto no cadastro"},"content":{"rendered":"\n<p>Os inscritos no Exame Nacional do Ensino M\u00e9dio (Enem) 2020 t\u00eam at\u00e9 as 23h59 desta quinta-feira (8), para cadastrar ou alterar a foto de inscri\u00e7\u00e3o na&nbsp;<a href=\"https:\/\/enem.inep.gov.br\/participante\/\" target=\"_blank\" rel=\"noreferrer noopener\">P\u00e1gina do Participante<\/a>, para concluir esta etapa do exame. O prazo anterior terminaria no dia 1\u00ba de outubro.<img decoding=\"async\" src=\"https:\/\/agenciabrasil.ebc.com.br\/ebc.png?id=1390096&amp;o=node\"><img decoding=\"async\" src=\"https:\/\/agenciabrasil.ebc.com.br\/ebc.gif?id=1390096&amp;o=node\"><\/p>\n\n\n\n<p>De acordo com o Instituto Nacional de Estudos e Pesquisas Educacionais An\u00edsio Teixeira (Inep), a mudan\u00e7a na data foi devido ao grande n\u00famero de acessos em um s\u00f3 dia. &#8220;A prorroga\u00e7\u00e3o tem o objetivo de garantir a realiza\u00e7\u00e3o do procedimento por parte dos inscritos. Participantes que j\u00e1 inclu\u00edram a foto anteriormente n\u00e3o precisam repetir a opera\u00e7\u00e3o&#8221;, informou o Inep.<\/p>\n\n\n\n<p>Segundo o Inep, n\u00e3o ser\u00e3o aceitas imagens de pessoas com \u00f3culos escuros ou artigos de chapelaria (bon\u00e9, chap\u00e9u, viseira, gorro ou similares). A fotografia tamb\u00e9m deve mostrar o rosto inteiro do participante, com uma boa ilumina\u00e7\u00e3o e foco, al\u00e9m de estar nos formatos de arquivo JPEG e PNG (tamanho m\u00e1ximo de 2 MB). Imagens em PDF n\u00e3o ser\u00e3o permitidas. O Inep e o Minist\u00e9rio da Educa\u00e7\u00e3o (MEC) n\u00e3o realizam valida\u00e7\u00e3o da foto.<\/p>\n\n\n\n<h2>Provas<\/h2>\n\n\n\n<p>Por causa da pandemia do novo coronav\u00edrus, as provas da edi\u00e7\u00e3o 2020 do exame foram adiadas para os dias 17 e 24 de janeiro de 2021 (vers\u00e3o impressa); e 31 de janeiro e 7 de fevereiro de 2021 (vers\u00e3o digital). Al\u00e9m de uma reda\u00e7\u00e3o e 45 quest\u00f5es, os candidatos ter\u00e3o que responder quest\u00f5es sobre quatro \u00e1reas de conhecimento: linguagens, c\u00f3digos e suas tecnologias; ci\u00eancias humanas e suas tecnologias; ci\u00eancias da natureza e suas tecnologias; e matem\u00e1tica e suas tecnologias.<\/p>\n\n\n\n<h2>D\u00favidas<\/h2>\n\n\n\n<p>As informa\u00e7\u00f5es a respeito do Enem 2020 podem ser acompanhadas nos portais do Inep e do MEC, assim como nas redes sociais oficiais dos dois \u00f3rg\u00e3os do governo federal. D\u00favidas podem ser sanadas pelo Fale Conosco do instituto, por meio do autoatendimento online ou do 0800 616161, a central aceita apenas chamadas feitas de telefone fixo.<\/p>\n\n\n\n<p><strong>Fonte: Ag\u00eancia Brasil <\/strong><\/p>\n","protected":false},"excerpt":{"rendered":"<p>Os inscritos no Exame Nacional do Ensino M\u00e9dio (Enem) 2020 t\u00eam at\u00e9 as 23h59 desta quinta-feira (8), para cadastrar ou alterar a foto de inscri\u00e7\u00e3o na&nbsp;P\u00e1gina do Participante, para concluir esta etapa do exame. O prazo anterior terminaria no dia 1\u00ba de outubro. De acordo com o Instituto Nacional de Estudos e Pesquisas Educacionais An\u00edsio [&hellip;]<\/p>\n","protected":false},"author":1,"featured_media":14415,"comment_status":"open","ping_status":"open","sticky":false,"template":"","format":"standard","meta":{"beyondwords_generate_audio":"","beyondwords_project_id":"","beyondwords_podcast_id":"","beyondwords_hash":"","beyondwords_error_message":"","beyondwords_disabled":"","publish_post_to_speechkit":"","speechkit_generate_audio":"","speechkit_project_id":"","speechkit_podcast_id":"","speechkit_hash":"","speechkit_error_message":"","speechkit_disabled":"","speechkit_access_key":"","speechkit_error":"","speechkit_info":"","speechkit_response":"","speechkit_retries":"","_speechkit_link":"","_speechkit_text":""},"categories":[394,134],"tags":[815,2430,395,2332,5635,1379,5636,350,60],"jetpack_featured_media_url":"","_links":{"self":[{"href":"https:\/\/pinews.com.br\/index.php\/wp-json\/wp\/v2\/posts\/14414"}],"collection":[{"href":"https:\/\/pinews.com.br\/index.php\/wp-json\/wp\/v2\/posts"}],"about":[{"href":"https:\/\/pinews.com.br\/index.php\/wp-json\/wp\/v2\/types\/post"}],"author":[{"embeddable":true,"href":"https:\/\/pinews.com.br\/index.php\/wp-json\/wp\/v2\/users\/1"}],"replies":[{"embeddable":true,"href":"https:\/\/pinews.com.br\/index.php\/wp-json\/wp\/v2\/comments?post=14414"}],"version-history":[{"count":0,"href":"https:\/\/pinews.com.br\/index.php\/wp-json\/wp\/v2\/posts\/14414\/revisions"}],"wp:featuredmedia":[{"embeddable":true,"href":"https:\/\/pinews.com.br\/index.php\/wp-json\/"}],"wp:attachment":[{"href":"https:\/\/pinews.com.br\/index.php\/wp-json\/wp\/v2\/media?parent=14414"}],"wp:term":[{"taxonomy":"category","embeddable":true,"href":"https:\/\/pinews.com.br\/index.php\/wp-json\/wp\/v2\/categories?post=14414"},{"taxonomy":"post_tag","embeddable":true,"href":"https:\/\/pinews.com.br\/index.php\/wp-json\/wp\/v2\/tags?post=14414"}],"curies":[{"name":"wp","href":"https:\/\/api.w.org\/{rel}","templated":true}]}}