{"id":14459,"date":"2020-10-09T10:34:54","date_gmt":"2020-10-09T13:34:54","guid":{"rendered":"https:\/\/pinews.com.br\/?p=14459"},"modified":"2020-10-09T10:34:54","modified_gmt":"2020-10-09T13:34:54","slug":"propaganda-eleitoral-gratuita-comeca-a-ser-veiculada-em-radio-e-tv","status":"publish","type":"post","link":"https:\/\/pinews.com.br\/index.php\/2020\/10\/09\/propaganda-eleitoral-gratuita-comeca-a-ser-veiculada-em-radio-e-tv\/","title":{"rendered":"Propaganda eleitoral gratuita come\u00e7a a ser veiculada em r\u00e1dio e TV"},"content":{"rendered":"\n<p>A propaganda eleitoral gratuita em r\u00e1dio e televis\u00e3o dos candidatos que concorrem nas elei\u00e7\u00f5es municipais deste ano come\u00e7ou nesta sexta-feira (9) e segue at\u00e9 12 de novembro.<img decoding=\"async\" src=\"https:\/\/agenciabrasil.ebc.com.br\/ebc.png?id=1390211&amp;o=node\"><img decoding=\"async\" src=\"https:\/\/agenciabrasil.ebc.com.br\/ebc.gif?id=1390211&amp;o=node\"><\/p>\n\n\n\n<p>As inser\u00e7\u00f5es em bloco, que desde 2016 s\u00e3o exclusivas para candidatos a prefeito, ocorrem de segunda-feira a s\u00e1bado. Na r\u00e1dio, as primeiras inser\u00e7\u00f5es j\u00e1 foram ao ar entre as 7h e 7h10, e novas inser\u00e7\u00f5es ocorrem entre 12h e 12h10. Na televis\u00e3o, os programas ser\u00e3o veiculados entre 13h e 13h10 e das 20h30 \u00e0s 20h40.<\/p>\n\n\n\n<p>Al\u00e9m dos blocos, as emissoras s\u00e3o obrigadas a reservar 70 minutos di\u00e1rios para a inser\u00e7\u00f5es de 30 a 60 segundos ao longo da programa\u00e7\u00e3o, sempre entre as 5h e as 0h. Desse tempo, 42 minutos s\u00e3o para propaganda de candidatos a prefeito e 28 minutos para candidatos a vereador.<\/p>\n\n\n\n<p>Do total de tempo da propaganda eleitoral gratuita em r\u00e1dio e TV, 90% \u00e9 dividido entre os candidatos de modo proporcional \u00e0 representatividade de seus partidos na C\u00e2mara dos Deputados. Apenas 10% \u00e9 dividido igualmente entre os candidatos.<\/p>\n\n\n\n<p>Pelas normas do Tribunal Superior Eleitoral, os candidatos e partidos s\u00e3o obrigados a colocar nas propagandas legenda oculta, janela com int\u00e9rprete de Libras e audiodescri\u00e7\u00e3o, entre outros recursos.<\/p>\n\n\n\n<p>S\u00e3o vedadas pe\u00e7as que possam degradar ou ridicularizar candidatos. Caber\u00e1 \u00e0 Justi\u00e7a Eleitoral julgar os casos de viola\u00e7\u00e3o a essa regra. Caso condenado, o candidato pode perder tempo de propaganda eleitoral gratuita. Tamb\u00e9m n\u00e3o \u00e9 permitida nenhuma propaganda paga em r\u00e1dio e TV.<\/p>\n\n\n\n<p><strong>Fonte: Ag\u00eancia Brasil <\/strong><\/p>\n","protected":false},"excerpt":{"rendered":"<p>A propaganda eleitoral gratuita em r\u00e1dio e televis\u00e3o dos candidatos que concorrem nas elei\u00e7\u00f5es municipais deste ano come\u00e7ou nesta sexta-feira (9) e segue at\u00e9 12 de novembro. As inser\u00e7\u00f5es em bloco, que desde 2016 s\u00e3o exclusivas para candidatos a prefeito, ocorrem de segunda-feira a s\u00e1bado. Na r\u00e1dio, as primeiras inser\u00e7\u00f5es j\u00e1 foram ao ar entre [&hellip;]<\/p>\n","protected":false},"author":1,"featured_media":14460,"comment_status":"open","ping_status":"open","sticky":false,"template":"","format":"standard","meta":{"beyondwords_generate_audio":"","beyondwords_project_id":"","beyondwords_podcast_id":"","beyondwords_hash":"","beyondwords_error_message":"","beyondwords_disabled":"","publish_post_to_speechkit":"","speechkit_generate_audio":"","speechkit_project_id":"","speechkit_podcast_id":"","speechkit_hash":"","speechkit_error_message":"","speechkit_disabled":"","speechkit_access_key":"","speechkit_error":"","speechkit_info":"","speechkit_response":"","speechkit_retries":"","_speechkit_link":"","_speechkit_text":""},"categories":[134,1201],"tags":[5722,5723,46,5637,5725,6014,139,148,6015],"jetpack_featured_media_url":"","_links":{"self":[{"href":"https:\/\/pinews.com.br\/index.php\/wp-json\/wp\/v2\/posts\/14459"}],"collection":[{"href":"https:\/\/pinews.com.br\/index.php\/wp-json\/wp\/v2\/posts"}],"about":[{"href":"https:\/\/pinews.com.br\/index.php\/wp-json\/wp\/v2\/types\/post"}],"author":[{"embeddable":true,"href":"https:\/\/pinews.com.br\/index.php\/wp-json\/wp\/v2\/users\/1"}],"replies":[{"embeddable":true,"href":"https:\/\/pinews.com.br\/index.php\/wp-json\/wp\/v2\/comments?post=14459"}],"version-history":[{"count":0,"href":"https:\/\/pinews.com.br\/index.php\/wp-json\/wp\/v2\/posts\/14459\/revisions"}],"wp:featuredmedia":[{"embeddable":true,"href":"https:\/\/pinews.com.br\/index.php\/wp-json\/"}],"wp:attachment":[{"href":"https:\/\/pinews.com.br\/index.php\/wp-json\/wp\/v2\/media?parent=14459"}],"wp:term":[{"taxonomy":"category","embeddable":true,"href":"https:\/\/pinews.com.br\/index.php\/wp-json\/wp\/v2\/categories?post=14459"},{"taxonomy":"post_tag","embeddable":true,"href":"https:\/\/pinews.com.br\/index.php\/wp-json\/wp\/v2\/tags?post=14459"}],"curies":[{"name":"wp","href":"https:\/\/api.w.org\/{rel}","templated":true}]}}