{"id":14475,"date":"2020-10-09T10:52:32","date_gmt":"2020-10-09T13:52:32","guid":{"rendered":"https:\/\/pinews.com.br\/?p=14475"},"modified":"2020-10-09T10:52:32","modified_gmt":"2020-10-09T13:52:32","slug":"crianca-de-um-ano-sofre-queimaduras-graves-com-oleo-quente-no-piaui","status":"publish","type":"post","link":"https:\/\/pinews.com.br\/index.php\/2020\/10\/09\/crianca-de-um-ano-sofre-queimaduras-graves-com-oleo-quente-no-piaui\/","title":{"rendered":"Crian\u00e7a de um ano sofre queimaduras graves com \u00f3leo quente no Piau\u00ed"},"content":{"rendered":"\n<p>Um menino de um ano e oito meses de idade&nbsp;sofreu queimaduras aparentemente de terceiro e segundo grau no abd\u00f4men e em um dos bra\u00e7os depois que um recipiente contendo \u00f3leo quente virou sobre o seu corpo. O fato ocorreu nesta quinta-feira (08\/10)&nbsp;na localidade Albino, zona rural de Cocal, munic\u00edpio da regi\u00e3o Norte do Piau\u00ed.<\/p>\n\n\n\n<p>Os pais do garoto o levaram imediatamente para o hospital de Cocal, onde recebeu os primeiros socorros. O m\u00e9dico que atendeu a crian\u00e7a alerta que os casos de acidentes dom\u00e9sticos desse tipo s\u00e3o frequentes e recomenda que se criem isolamentos no acesso a cozinha das casas.<\/p>\n\n\n\n<p>Devido \u00e0&nbsp;gravidade dos ferimentos, o Servi\u00e7o de Atendimento M\u00f3vel de Urg\u00eancia (Samu) teve que conduzir a v\u00edtima com urg\u00eancia para o Hospital Estadual Dirceu Arcoverde (Heda) em Parna\u00edba.<\/p>\n\n\n\n<p>Ao que tudo indica, as les\u00f5es dever\u00e3o ser tratadas na Unidade de Tratamento de Queimados (UTQ) do Hospital de Urg\u00eancia de Teresina (HUT), \u00fanico setor especializado no tocante a tratamento de queimaduras de m\u00e9dia e alta complexidade no Piau\u00ed.<\/p>\n\n\n\n<p><strong>Fonte: Blog do Coveiro<\/strong><\/p>\n","protected":false},"excerpt":{"rendered":"<p>Um menino de um ano e oito meses de idade&nbsp;sofreu queimaduras aparentemente de terceiro e segundo grau no abd\u00f4men e em um dos bra\u00e7os depois que um recipiente contendo \u00f3leo quente virou sobre o seu corpo. O fato ocorreu nesta quinta-feira (08\/10)&nbsp;na localidade Albino, zona rural de Cocal, munic\u00edpio da regi\u00e3o Norte do Piau\u00ed. Os [&hellip;]<\/p>\n","protected":false},"author":1,"featured_media":14476,"comment_status":"open","ping_status":"open","sticky":false,"template":"","format":"standard","meta":{"beyondwords_generate_audio":"","beyondwords_project_id":"","beyondwords_podcast_id":"","beyondwords_hash":"","beyondwords_error_message":"","beyondwords_disabled":"","publish_post_to_speechkit":"","speechkit_generate_audio":"","speechkit_project_id":"","speechkit_podcast_id":"","speechkit_hash":"","speechkit_error_message":"","speechkit_disabled":"","speechkit_access_key":"","speechkit_error":"","speechkit_info":"","speechkit_response":"","speechkit_retries":"","_speechkit_link":"","_speechkit_text":""},"categories":[51],"tags":[602,221,44,6023,1660,52,6024,5398,405,436],"jetpack_featured_media_url":"","_links":{"self":[{"href":"https:\/\/pinews.com.br\/index.php\/wp-json\/wp\/v2\/posts\/14475"}],"collection":[{"href":"https:\/\/pinews.com.br\/index.php\/wp-json\/wp\/v2\/posts"}],"about":[{"href":"https:\/\/pinews.com.br\/index.php\/wp-json\/wp\/v2\/types\/post"}],"author":[{"embeddable":true,"href":"https:\/\/pinews.com.br\/index.php\/wp-json\/wp\/v2\/users\/1"}],"replies":[{"embeddable":true,"href":"https:\/\/pinews.com.br\/index.php\/wp-json\/wp\/v2\/comments?post=14475"}],"version-history":[{"count":0,"href":"https:\/\/pinews.com.br\/index.php\/wp-json\/wp\/v2\/posts\/14475\/revisions"}],"wp:featuredmedia":[{"embeddable":true,"href":"https:\/\/pinews.com.br\/index.php\/wp-json\/"}],"wp:attachment":[{"href":"https:\/\/pinews.com.br\/index.php\/wp-json\/wp\/v2\/media?parent=14475"}],"wp:term":[{"taxonomy":"category","embeddable":true,"href":"https:\/\/pinews.com.br\/index.php\/wp-json\/wp\/v2\/categories?post=14475"},{"taxonomy":"post_tag","embeddable":true,"href":"https:\/\/pinews.com.br\/index.php\/wp-json\/wp\/v2\/tags?post=14475"}],"curies":[{"name":"wp","href":"https:\/\/api.w.org\/{rel}","templated":true}]}}