{"id":14572,"date":"2020-10-12T11:44:28","date_gmt":"2020-10-12T14:44:28","guid":{"rendered":"https:\/\/pinews.com.br\/?p=14572"},"modified":"2020-10-12T11:44:28","modified_gmt":"2020-10-12T14:44:28","slug":"morre-cao-da-pm-pi-que-atuou-nas-olimpiadas-e-conteve-rebelioes-em-presidios","status":"publish","type":"post","link":"https:\/\/pinews.com.br\/index.php\/2020\/10\/12\/morre-cao-da-pm-pi-que-atuou-nas-olimpiadas-e-conteve-rebelioes-em-presidios\/","title":{"rendered":"Morre c\u00e3o da PM-PI que atuou nas Olimp\u00edadas e conteve rebeli\u00f5es em pres\u00eddios"},"content":{"rendered":"\n<p>Foram sete anos e um m\u00eas ao lado do sargento Alo\u00edsio Tavares, seu condutor no canil da Pol\u00edcia Militar do Piau\u00ed. Juntos, os dois atuaram em v\u00e1rias miss\u00f5es, seja em pres\u00eddios ou eventos esportivos, e chegaram at\u00e9 \u00e0 For\u00e7a Nacional. Mas nesse domingo (11), o c\u00e3o policial Fury, um dos mais antigos da matilha, partiu.<\/p>\n\n\n\n<p>\u201cA partida do Fury deixa um vazio muito grande no canil e tamb\u00e9m uma lacuna enorme nas miss\u00f5es que ele participava. Ele tinha um temperamento e um comportamento muito bom, participou de v\u00e1rios cursos da PM do Piau\u00ed em instru\u00e7\u00f5es com policiamento com c\u00e3es, desenvolvia patrulhamentos em viaturas, conten\u00e7\u00f5es em rebeli\u00f5es, dist\u00farbios civis. Ele tamb\u00e9m participou de atividades em escolas com crian\u00e7as. Era uma das grandes refer\u00eancias\u201d, disse o sargento Tavares.<\/p>\n\n\n\n<p>Entre as miss\u00f5es mais importantes de Fury, o dia em que ele e seu condutor participaram da Olimp\u00edadas em 2016 pela For\u00e7a Nacional. Fury tamb\u00e9m acompanhou a tropa de choque na conten\u00e7\u00e3o de rebeli\u00f5es em pres\u00eddio no Piau\u00ed como na Casa de Cust\u00f3dia e na Penitenci\u00e1ria Regional de Esperantina, no interior do Piau\u00ed.<\/p>\n\n\n\n<p>Na semana passada, Fury foi levado ao veterin\u00e1rio ap\u00f3s apresentar dificuldades de alimenta\u00e7\u00e3o. O pastor alem\u00e3o morreu morreu em decorr\u00eancia da doen\u00e7a conhecida como erliquiose, conhecida como doen\u00e7a do carrapato, que j\u00e1 estava em tratamento.<\/p>\n\n\n\n<p>\u201cO companheiro ligou ontem \u00e0 tarde dizendo que ele estava ca\u00eddo e quando fomos ver j\u00e1 estava sem vida. Pegou a todos n\u00f3s de surpresa\u201d, lamenta o condutor de Fury.<\/p>\n\n\n\n<p>A amizade entre o c\u00e3o e o sargento ficou eternizada em fotos registradas pelo pr\u00f3prio sargento horas antes de partir.<\/p>\n\n\n\n<div class=\"wp-block-image\"><figure class=\"aligncenter\"><img decoding=\"async\" src=\"https:\/\/cidadeverde.com\/assets\/uploads\/posts\/fury.jpg\" alt=\"\"\/><figcaption>Foto: arquivo pessoal<\/figcaption><\/figure><\/div>\n\n\n\n<div class=\"wp-block-image\"><figure class=\"aligncenter\"><img decoding=\"async\" src=\"https:\/\/cidadeverde.com\/assets\/uploads\/posts\/fury11.jpg\" alt=\"\"\/><figcaption>Foto: arquivo pessoal<\/figcaption><\/figure><\/div>\n\n\n\n<p>\u201cSe despediu, mas sem avisar nada. Tenho muitas lembran\u00e7as deles\u201d, disse o sargento. Fury chegou ao Piau\u00ed ainda beb\u00ea quando foi trazido de Fortaleza-CE.<\/p>\n\n\n\n<div class=\"wp-block-image\"><figure class=\"aligncenter\"><img decoding=\"async\" src=\"https:\/\/cidadeverde.com\/assets\/uploads\/posts\/furyfilhote.jpg\" alt=\"\"\/><figcaption>Foto: Reprodu\u00e7\u00e3o <\/figcaption><\/figure><\/div>\n\n\n\n<p>Com a partida de Fury, nove c\u00e3es o plantel da 3\u00aa Companhia do Batalh\u00e3o da Rone da Pol\u00edcia Militar do Piau\u00ed.<\/p>\n\n\n\n<p><strong>Fonte: Cidade Verde<\/strong><\/p>\n","protected":false},"excerpt":{"rendered":"<p>Foram sete anos e um m\u00eas ao lado do sargento Alo\u00edsio Tavares, seu condutor no canil da Pol\u00edcia Militar do Piau\u00ed. Juntos, os dois atuaram em v\u00e1rias miss\u00f5es, seja em pres\u00eddios ou eventos esportivos, e chegaram at\u00e9 \u00e0 For\u00e7a Nacional. Mas nesse domingo (11), o c\u00e3o policial Fury, um dos mais antigos da matilha, partiu. [&hellip;]<\/p>\n","protected":false},"author":1,"featured_media":14573,"comment_status":"open","ping_status":"open","sticky":false,"template":"","format":"standard","meta":{"beyondwords_generate_audio":"","beyondwords_project_id":"","beyondwords_podcast_id":"","beyondwords_hash":"","beyondwords_error_message":"","beyondwords_disabled":"","publish_post_to_speechkit":"","speechkit_generate_audio":"","speechkit_project_id":"","speechkit_podcast_id":"","speechkit_hash":"","speechkit_error_message":"","speechkit_disabled":"","speechkit_access_key":"","speechkit_error":"","speechkit_info":"","speechkit_response":"","speechkit_retries":"","_speechkit_link":"","_speechkit_text":""},"categories":[51],"tags":[6062,6063,6064,122,46,119,826,6065,6066,1383,6067],"jetpack_featured_media_url":"","_links":{"self":[{"href":"https:\/\/pinews.com.br\/index.php\/wp-json\/wp\/v2\/posts\/14572"}],"collection":[{"href":"https:\/\/pinews.com.br\/index.php\/wp-json\/wp\/v2\/posts"}],"about":[{"href":"https:\/\/pinews.com.br\/index.php\/wp-json\/wp\/v2\/types\/post"}],"author":[{"embeddable":true,"href":"https:\/\/pinews.com.br\/index.php\/wp-json\/wp\/v2\/users\/1"}],"replies":[{"embeddable":true,"href":"https:\/\/pinews.com.br\/index.php\/wp-json\/wp\/v2\/comments?post=14572"}],"version-history":[{"count":0,"href":"https:\/\/pinews.com.br\/index.php\/wp-json\/wp\/v2\/posts\/14572\/revisions"}],"wp:featuredmedia":[{"embeddable":true,"href":"https:\/\/pinews.com.br\/index.php\/wp-json\/"}],"wp:attachment":[{"href":"https:\/\/pinews.com.br\/index.php\/wp-json\/wp\/v2\/media?parent=14572"}],"wp:term":[{"taxonomy":"category","embeddable":true,"href":"https:\/\/pinews.com.br\/index.php\/wp-json\/wp\/v2\/categories?post=14572"},{"taxonomy":"post_tag","embeddable":true,"href":"https:\/\/pinews.com.br\/index.php\/wp-json\/wp\/v2\/tags?post=14572"}],"curies":[{"name":"wp","href":"https:\/\/api.w.org\/{rel}","templated":true}]}}