{"id":14665,"date":"2020-10-15T10:27:10","date_gmt":"2020-10-15T13:27:10","guid":{"rendered":"https:\/\/pinews.com.br\/?p=14665"},"modified":"2020-10-15T10:27:10","modified_gmt":"2020-10-15T13:27:10","slug":"governo-do-piaui-anuncia-pacote-de-beneficios-para-servidores-nesta-quinta-15","status":"publish","type":"post","link":"https:\/\/pinews.com.br\/index.php\/2020\/10\/15\/governo-do-piaui-anuncia-pacote-de-beneficios-para-servidores-nesta-quinta-15\/","title":{"rendered":"Governo do Piau\u00ed anuncia pacote de benef\u00edcios para servidores nesta quinta (15)"},"content":{"rendered":"\n<p>Em comemora\u00e7\u00e3o ao Dia do Servidor P\u00fablico, celebrado em 28 de outubro, o governador Wellington Dias e o secret\u00e1rio de Estado da Administra\u00e7\u00e3o e Previd\u00eancia, Franz\u00e9 Silva, anunciam,&nbsp; nesta quinta-feira (15), uma s\u00e9rie de benef\u00edcios para os servidores p\u00fablicos estaduais. O an\u00fancio ser\u00e1 feito \u00e0s 11h30, no Pal\u00e1cio de Karnak. Na oportunidade, ser\u00e3o assinados decretos importantes, como o que institui o Cart\u00e3o de Cr\u00e9dito do Servidor e a regulamenta\u00e7\u00e3o do trabalho remoto na administra\u00e7\u00e3o estadual.<\/p>\n\n\n\n<p>De acordo com Franz\u00e9 Silva, tamb\u00e9m ser\u00e1 anunciado o programa de sele\u00e7\u00e3o de estagi\u00e1rios para atuarem em diversos \u00f3rg\u00e3os estaduais. \u201cTeremos tamb\u00e9m outro an\u00fancio importante: a implanta\u00e7\u00e3o de melhorias salariais muito esperadas por algumas categorias\u201d, informou o secret\u00e1rio.<\/p>\n\n\n\n<p><strong>Comemora\u00e7\u00e3o virtual<\/strong><\/p>\n\n\n\n<p>Franz\u00e9 Silva informou que, por conta da pandemia do novo coronav\u00edrus, a SeadPrev organizou uma comemora\u00e7\u00e3o diferente para o Dia do Servidor P\u00fablico. \u201cT\u00ednhamos esperan\u00e7a de que as condi\u00e7\u00f5es epidemiol\u00f3gicas nos permitissem fazer o tradicional baile dan\u00e7ante, mas a prioridade \u00e9 a sa\u00fade e a seguran\u00e7a do nosso servidor. Por isso, esse ano teremos uma programa\u00e7\u00e3o diferenciada: faremos no dia 28 uma live-show, com a banda Top Gun e o humorista Dirceu Andrade e o servidor poder\u00e1 aproveitar as atra\u00e7\u00f5es no conforto da sua casa, com seus familiares\u201d, destacou o gestor.<\/p>\n\n\n\n<p><strong>Fonte: Cidade Verde<\/strong><\/p>\n","protected":false},"excerpt":{"rendered":"<p>Em comemora\u00e7\u00e3o ao Dia do Servidor P\u00fablico, celebrado em 28 de outubro, o governador Wellington Dias e o secret\u00e1rio de Estado da Administra\u00e7\u00e3o e Previd\u00eancia, Franz\u00e9 Silva, anunciam,&nbsp; nesta quinta-feira (15), uma s\u00e9rie de benef\u00edcios para os servidores p\u00fablicos estaduais. O an\u00fancio ser\u00e1 feito \u00e0s 11h30, no Pal\u00e1cio de Karnak. Na oportunidade, ser\u00e3o assinados decretos [&hellip;]<\/p>\n","protected":false},"author":1,"featured_media":14666,"comment_status":"open","ping_status":"open","sticky":false,"template":"","format":"standard","meta":{"beyondwords_generate_audio":"","beyondwords_project_id":"","beyondwords_podcast_id":"","beyondwords_hash":"","beyondwords_error_message":"","beyondwords_disabled":"","publish_post_to_speechkit":"","speechkit_generate_audio":"","speechkit_project_id":"","speechkit_podcast_id":"","speechkit_hash":"","speechkit_error_message":"","speechkit_disabled":"","speechkit_access_key":"","speechkit_error":"","speechkit_info":"","speechkit_response":"","speechkit_retries":"","_speechkit_link":"","_speechkit_text":""},"categories":[51],"tags":[180,3195,6116,44,458,5815,6117,350,52,6118,5610],"jetpack_featured_media_url":"","_links":{"self":[{"href":"https:\/\/pinews.com.br\/index.php\/wp-json\/wp\/v2\/posts\/14665"}],"collection":[{"href":"https:\/\/pinews.com.br\/index.php\/wp-json\/wp\/v2\/posts"}],"about":[{"href":"https:\/\/pinews.com.br\/index.php\/wp-json\/wp\/v2\/types\/post"}],"author":[{"embeddable":true,"href":"https:\/\/pinews.com.br\/index.php\/wp-json\/wp\/v2\/users\/1"}],"replies":[{"embeddable":true,"href":"https:\/\/pinews.com.br\/index.php\/wp-json\/wp\/v2\/comments?post=14665"}],"version-history":[{"count":0,"href":"https:\/\/pinews.com.br\/index.php\/wp-json\/wp\/v2\/posts\/14665\/revisions"}],"wp:featuredmedia":[{"embeddable":true,"href":"https:\/\/pinews.com.br\/index.php\/wp-json\/"}],"wp:attachment":[{"href":"https:\/\/pinews.com.br\/index.php\/wp-json\/wp\/v2\/media?parent=14665"}],"wp:term":[{"taxonomy":"category","embeddable":true,"href":"https:\/\/pinews.com.br\/index.php\/wp-json\/wp\/v2\/categories?post=14665"},{"taxonomy":"post_tag","embeddable":true,"href":"https:\/\/pinews.com.br\/index.php\/wp-json\/wp\/v2\/tags?post=14665"}],"curies":[{"name":"wp","href":"https:\/\/api.w.org\/{rel}","templated":true}]}}