{"id":14668,"date":"2020-10-15T10:31:37","date_gmt":"2020-10-15T13:31:37","guid":{"rendered":"https:\/\/pinews.com.br\/?p=14668"},"modified":"2020-10-15T10:31:37","modified_gmt":"2020-10-15T13:31:37","slug":"novo-video-mostra-jovem-que-elogiou-pcc-ameacado-em-suposto-tribunal-do-crime","status":"publish","type":"post","link":"https:\/\/pinews.com.br\/index.php\/2020\/10\/15\/novo-video-mostra-jovem-que-elogiou-pcc-ameacado-em-suposto-tribunal-do-crime\/","title":{"rendered":"Novo v\u00eddeo mostra jovem que elogiou PCC amea\u00e7ado em suposto \u201ctribunal do crime\u201d"},"content":{"rendered":"\n<p>Um novo v\u00eddeo obtido pelo&nbsp;Cidadeverde.com&nbsp;mostra Pedro Henrique de Alencar, 20 anos, sendo amea\u00e7ado com um rev\u00f3lver&nbsp; durante uma suposta sess\u00e3o do \u201ctribunal do crime\u201d&nbsp; feita por membros da fac\u00e7\u00e3o criminosa Bonde dos 40 ,mais conhecida como B 40.<\/p>\n\n\n\n<p>O&nbsp;jovem desapareceu no \u00faltimo dia 5 de outubro, no Centro da cidade de Alto Long\u00e1, que fica a 81 Km de Teresina,&nbsp;ap\u00f3s fazer elogios \u00e0 fac\u00e7\u00e3o Primeiro Comando da Capital (PCC) em um grupo do aplicativo de mensagens instant\u00e2neas Whatsapp.<\/p>\n\n\n\n<p>Nas novas imagens, o jovem aparece deitado em um carro de m\u00e3o, com uma das m\u00e3os amarradas e les\u00f5es na cabe\u00e7a e no bra\u00e7o. O homem que filma aponta uma arma para Pedro Henrique e pergunta a ele: \u201cEssa&nbsp; quebrada de Alto Long\u00e1 do que \u00e9?\u201d.<\/p>\n\n\n\n<p>Visivelmente amedrontado, Pedro responde que \u00e9 do \u201cB 40\u201d. O autor das imagens ent\u00e3o questiona o motivo do jovem ficar falando \u201ccoisa de 15\u201d. 15 \u00e9 uma refer\u00eancia a membros do PCC.<\/p>\n\n\n\n<figure class=\"wp-block-embed-youtube wp-block-embed is-type-video is-provider-youtube wp-embed-aspect-16-9 wp-has-aspect-ratio\"><div class=\"wp-block-embed__wrapper\">\n<iframe loading=\"lazy\" title=\"Novo vi\u0301deo mostra jovem que elogiou o PCC sendo ameac\u0327ado\" width=\"1170\" height=\"658\" src=\"https:\/\/www.youtube.com\/embed\/IYv6e4QKDR4?feature=oembed\" frameborder=\"0\" allow=\"accelerometer; autoplay; clipboard-write; encrypted-media; gyroscope; picture-in-picture; web-share\" allowfullscreen><\/iframe>\n<\/div><\/figure>\n\n\n\n<p>Pedro diz no v\u00eddeo que n\u00e3o \u201cdisse nada\u201d, que s\u00f3 colocou uma m\u00fasica para um parceiro. O delegado da Delegacia de Alto Long\u00e1, Paulo Nogueira, acredita que&nbsp; essa m\u00fasica a que os que os supostos membros do B40 se refere faz parte do acervo de letras que homenageiam o PCC.<\/p>\n\n\n\n<p>Al\u00e9m de conversas no Whatsapp, a pol\u00edcia tamb\u00e9m tem conhecimento de posts no Facebook em que Pedro Henrique sugere que \u00e9 simpatizante do PCC. O jovem morou por muito tempo em S\u00e3o Paulo e, quando retornou a Alto Long\u00e1, segundo familiares, fazia men\u00e7\u00f5es constante \u00e0 fac\u00e7\u00e3o paulista.<\/p>\n\n\n\n<p>\u201cA gente j\u00e1 sabe quem matou e que o motivo foi esse realmente. N\u00f3s j\u00e1 identificamos todos e pedimos a pris\u00e3o \u201c, conta o delegado Paulo Nogueira.<\/p>\n\n\n\n<p>De acordo com as investiga\u00e7\u00f5es, os elogios&nbsp; teria despertado a ira de supostos membros da fac\u00e7\u00e3o conhecida como Bonde dos 40, que resolveu sequestrar Pedro e julg\u00e1-lo no que eles chamam de \u201ctribunal do crime\u201d.<\/p>\n\n\n\n<p>A pol\u00edcia acredita que Pedro Henrique foi executado, apesar do corpo ainda n\u00e3o ter sido localizado.<\/p>\n\n\n\n<p>\u201cLevaram ele para uma casa na favela e l\u00e1 fizeram um julgamento r\u00e1pido, torturaram e mataram ele. Pessoas relataram que&nbsp; ouviram gritos, pedidos de socorro e depois disparos de arma de fogo\u201d, acrescenta o delegado Paulo Nogueira.<\/p>\n\n\n\n<p><strong>Fonte: Izabella Pimentel\/ Cidade Verde <\/strong><\/p>\n","protected":false},"excerpt":{"rendered":"<p>Um novo v\u00eddeo obtido pelo&nbsp;Cidadeverde.com&nbsp;mostra Pedro Henrique de Alencar, 20 anos, sendo amea\u00e7ado com um rev\u00f3lver&nbsp; durante uma suposta sess\u00e3o do \u201ctribunal do crime\u201d&nbsp; feita por membros da fac\u00e7\u00e3o criminosa Bonde dos 40 ,mais conhecida como B 40. O&nbsp;jovem desapareceu no \u00faltimo dia 5 de outubro, no Centro da cidade de Alto Long\u00e1, que fica [&hellip;]<\/p>\n","protected":false},"author":1,"featured_media":14669,"comment_status":"open","ping_status":"open","sticky":false,"template":"","format":"standard","meta":{"beyondwords_generate_audio":"","beyondwords_project_id":"","beyondwords_podcast_id":"","beyondwords_hash":"","beyondwords_error_message":"","beyondwords_disabled":"","publish_post_to_speechkit":"","speechkit_generate_audio":"","speechkit_project_id":"","speechkit_podcast_id":"","speechkit_hash":"","speechkit_error_message":"","speechkit_disabled":"","speechkit_access_key":"","speechkit_error":"","speechkit_info":"","speechkit_response":"","speechkit_retries":"","_speechkit_link":"","_speechkit_text":""},"categories":[51,78],"tags":[6119,558,6120,46,266,65,508,6047,6121,6122,67],"jetpack_featured_media_url":"","_links":{"self":[{"href":"https:\/\/pinews.com.br\/index.php\/wp-json\/wp\/v2\/posts\/14668"}],"collection":[{"href":"https:\/\/pinews.com.br\/index.php\/wp-json\/wp\/v2\/posts"}],"about":[{"href":"https:\/\/pinews.com.br\/index.php\/wp-json\/wp\/v2\/types\/post"}],"author":[{"embeddable":true,"href":"https:\/\/pinews.com.br\/index.php\/wp-json\/wp\/v2\/users\/1"}],"replies":[{"embeddable":true,"href":"https:\/\/pinews.com.br\/index.php\/wp-json\/wp\/v2\/comments?post=14668"}],"version-history":[{"count":0,"href":"https:\/\/pinews.com.br\/index.php\/wp-json\/wp\/v2\/posts\/14668\/revisions"}],"wp:featuredmedia":[{"embeddable":true,"href":"https:\/\/pinews.com.br\/index.php\/wp-json\/"}],"wp:attachment":[{"href":"https:\/\/pinews.com.br\/index.php\/wp-json\/wp\/v2\/media?parent=14668"}],"wp:term":[{"taxonomy":"category","embeddable":true,"href":"https:\/\/pinews.com.br\/index.php\/wp-json\/wp\/v2\/categories?post=14668"},{"taxonomy":"post_tag","embeddable":true,"href":"https:\/\/pinews.com.br\/index.php\/wp-json\/wp\/v2\/tags?post=14668"}],"curies":[{"name":"wp","href":"https:\/\/api.w.org\/{rel}","templated":true}]}}