{"id":14674,"date":"2020-10-15T10:36:55","date_gmt":"2020-10-15T13:36:55","guid":{"rendered":"https:\/\/pinews.com.br\/?p=14674"},"modified":"2020-10-15T10:36:55","modified_gmt":"2020-10-15T13:36:55","slug":"retorno-das-visitas-presenciais-e-autorizado-em-todas-as-unidades-prisionais-do-piaui","status":"publish","type":"post","link":"https:\/\/pinews.com.br\/index.php\/2020\/10\/15\/retorno-das-visitas-presenciais-e-autorizado-em-todas-as-unidades-prisionais-do-piaui\/","title":{"rendered":"Retorno das visitas presenciais \u00e9 autorizado em todas as unidades prisionais do Piau\u00ed"},"content":{"rendered":"\n<p>O retorno das visitas presenciais em todos os pres\u00eddios do Piau\u00ed foi autorizado pela Secretaria Estadual de Justi\u00e7a (Sejus), a partir desta quinta-feira (15). As visita\u00e7\u00f5es, que estavam&nbsp;suspensas&nbsp;desde o dia 17 de mar\u00e7o, j\u00e1&nbsp;ocorriam nas penitenci\u00e1rias dos munic\u00edpios de Teresina e Altos&nbsp;desde o dia 1\u00b0 de outubro.<\/p>\n\n\n\n<p>As visitas presenciais foram permitidas ap\u00f3s a assinatura de uma portaria pelo secret\u00e1rio de Justi\u00e7a, Carlos Edilson.<\/p>\n\n\n\n<p>\u201cSeguiremos adotando todos os protocolos de sa\u00fade e de seguran\u00e7a sanit\u00e1ria para que tudo siga conforme planejamos. \u00c9 um novo momento e precisamos tomas todos os cuidados para que n\u00e3o aconte\u00e7a aumento no n\u00famero de casos de Covid-19 em nossas unidades penais\u201d, disse o gestor.<\/p>\n\n\n\n<p>De acordo com o protocolo estabelecido para a retomada, cada preso poder\u00e1 ter visitas de 40 minutos a cada 15 dias. O detento poder\u00e1 receber apenas um familiar ou amigo por vez. N\u00e3o ser\u00e3o permitidos visitantes com idade igual ou acima de 60 anos, gestantes, menores de 18 anos, visitas \u00edntimas e pessoas que apresentem sintomas gripais.<\/p>\n\n\n\n<p>Em caso de aumento no n\u00famero de casos da doen\u00e7a nas unidades penais, as visitas ser\u00e3o suspensas nos estabelecimentos em que ocorrer esse aumento. Para os reeducandos que n\u00e3o recebem visitas presenciais, as visitas virtuais seguir\u00e3o acontecendo.<\/p>\n\n\n\n<p><strong>Fonte: G1 PI<\/strong><\/p>\n","protected":false},"excerpt":{"rendered":"<p>O retorno das visitas presenciais em todos os pres\u00eddios do Piau\u00ed foi autorizado pela Secretaria Estadual de Justi\u00e7a (Sejus), a partir desta quinta-feira (15). As visita\u00e7\u00f5es, que estavam&nbsp;suspensas&nbsp;desde o dia 17 de mar\u00e7o, j\u00e1&nbsp;ocorriam nas penitenci\u00e1rias dos munic\u00edpios de Teresina e Altos&nbsp;desde o dia 1\u00b0 de outubro. As visitas presenciais foram permitidas ap\u00f3s a assinatura [&hellip;]<\/p>\n","protected":false},"author":1,"featured_media":14675,"comment_status":"open","ping_status":"open","sticky":false,"template":"","format":"standard","meta":{"beyondwords_generate_audio":"","beyondwords_project_id":"","beyondwords_podcast_id":"","beyondwords_hash":"","beyondwords_error_message":"","beyondwords_disabled":"","publish_post_to_speechkit":"","speechkit_generate_audio":"","speechkit_project_id":"","speechkit_podcast_id":"","speechkit_hash":"","speechkit_error_message":"","speechkit_disabled":"","speechkit_access_key":"","speechkit_error":"","speechkit_info":"","speechkit_response":"","speechkit_retries":"","_speechkit_link":"","_speechkit_text":""},"categories":[51],"tags":[6124,888,72,46,52,5528,6125,5524,6126,5418,5665],"jetpack_featured_media_url":"","_links":{"self":[{"href":"https:\/\/pinews.com.br\/index.php\/wp-json\/wp\/v2\/posts\/14674"}],"collection":[{"href":"https:\/\/pinews.com.br\/index.php\/wp-json\/wp\/v2\/posts"}],"about":[{"href":"https:\/\/pinews.com.br\/index.php\/wp-json\/wp\/v2\/types\/post"}],"author":[{"embeddable":true,"href":"https:\/\/pinews.com.br\/index.php\/wp-json\/wp\/v2\/users\/1"}],"replies":[{"embeddable":true,"href":"https:\/\/pinews.com.br\/index.php\/wp-json\/wp\/v2\/comments?post=14674"}],"version-history":[{"count":0,"href":"https:\/\/pinews.com.br\/index.php\/wp-json\/wp\/v2\/posts\/14674\/revisions"}],"wp:featuredmedia":[{"embeddable":true,"href":"https:\/\/pinews.com.br\/index.php\/wp-json\/"}],"wp:attachment":[{"href":"https:\/\/pinews.com.br\/index.php\/wp-json\/wp\/v2\/media?parent=14674"}],"wp:term":[{"taxonomy":"category","embeddable":true,"href":"https:\/\/pinews.com.br\/index.php\/wp-json\/wp\/v2\/categories?post=14674"},{"taxonomy":"post_tag","embeddable":true,"href":"https:\/\/pinews.com.br\/index.php\/wp-json\/wp\/v2\/tags?post=14674"}],"curies":[{"name":"wp","href":"https:\/\/api.w.org\/{rel}","templated":true}]}}