{"id":14683,"date":"2020-10-15T10:46:17","date_gmt":"2020-10-15T13:46:17","guid":{"rendered":"https:\/\/pinews.com.br\/?p=14683"},"modified":"2020-10-15T10:46:17","modified_gmt":"2020-10-15T13:46:17","slug":"jovens-terao-que-aguardar-ate-2022-para-serem-vacinados-diz-oms","status":"publish","type":"post","link":"https:\/\/pinews.com.br\/index.php\/2020\/10\/15\/jovens-terao-que-aguardar-ate-2022-para-serem-vacinados-diz-oms\/","title":{"rendered":"Jovens ter\u00e3o que aguardar at\u00e9 2022 para serem vacinados, diz OMS"},"content":{"rendered":"\n<p>Os jovens ter\u00e3o que esperar at\u00e9 2022 para receber a&nbsp;vacina contra a Covid-19, j\u00e1 que a produ\u00e7\u00e3o inicial ter\u00e1 de ser destinada prioritariamente aos grupos de maior risco, confirmou nesta quarta-feira a cientista-chefe da Organiza\u00e7\u00e3o Mundial da Sa\u00fade (OMS), Soumya Swaminathan.<\/p>\n\n\n\n<p>\u201cAs pessoas acham que no dia 1\u00ba de janeiro vai ter vacina e que as coisas voltar\u00e3o ao normal, mas n\u00e3o vai ser assim. Ningu\u00e9m jamais produziu vacinas nos volumes que ser\u00e3o necess\u00e1rios, ent\u00e3o em 2021 esperamos ter vacinas, mas em uma quantidade limitada\u201d, esclareceu.<\/p>\n\n\n\n<p>H\u00e1 um claro consenso de que os primeiros vacinados s\u00e3o os profissionais de sa\u00fade que est\u00e3o na linha de frente da luta contra a pandemia, e em seguida os idosos e pessoas mais vulner\u00e1veis. \u201cUma pessoa jovem e saud\u00e1vel ter\u00e1 que esperar at\u00e9 2022 para ser vacinada\u201d, disse a cientista.<\/p>\n\n\n\n<p>Uma d\u00fazia de vacinas potenciais est\u00e3o atualmente em testes cl\u00ednicos de fase 3; Ou seja, grupos de aproximadamente 30 mil pessoas est\u00e3o sendo inoculados em locais onde o novo coronav\u00edrus continua circulando com intensidade. Esta fase de testes cl\u00ednicos \u00e9 usada para verificar a efic\u00e1cia da vacina e descartar efeitos colaterais graves.<\/p>\n\n\n\n<p>No total, 40 testes de vacinas est\u00e3o em uma das tr\u00eas fases e 200 em testes de laborat\u00f3rio, o que \u00e9 um claro indicador do interesse do setor farmac\u00eautico e de biotecnologia em encontrar a f\u00f3rmula certa. \u201cEnquanto n\u00e3o tivermos os resultados da fase 3, n\u00e3o saberemos quais e quantas dessas vacinas ser\u00e3o seguras, eficazes e que proteger\u00e3o por um longo tempo\u201d, disse Swaminathan.<\/p>\n\n\n\n<p>A representante da OMS antecipou que esses resultados poder\u00e3o estar prontos no in\u00edcio de 2021, a partir do qual ter\u00e1 que cumprir os regulamentos para a aprova\u00e7\u00e3o de uma ou mais vacinas.<\/p>\n\n\n\n<p>A OMS pediu a todos aqueles com testes avan\u00e7ados que tivessem acesso aos seus resultados, para que pudesse acelerar a emiss\u00e3o de diretivas e regulamentos que poderiam ser aplicados em todo o mundo. \u201cNada deve comprometer os resultados obtidos porque s\u00e3o vacinas que ser\u00e3o usadas em bilh\u00f5es de pessoas, ent\u00e3o precisamos ter absoluta certeza de que \u00e9 a decis\u00e3o certa\u201d, disse Swaminathan.<\/p>\n\n\n\n<p><strong>Fonte: Correio do Povo<\/strong><\/p>\n","protected":false},"excerpt":{"rendered":"<p>Os jovens ter\u00e3o que esperar at\u00e9 2022 para receber a&nbsp;vacina contra a Covid-19, j\u00e1 que a produ\u00e7\u00e3o inicial ter\u00e1 de ser destinada prioritariamente aos grupos de maior risco, confirmou nesta quarta-feira a cientista-chefe da Organiza\u00e7\u00e3o Mundial da Sa\u00fade (OMS), Soumya Swaminathan. \u201cAs pessoas acham que no dia 1\u00ba de janeiro vai ter vacina e que [&hellip;]<\/p>\n","protected":false},"author":1,"featured_media":14684,"comment_status":"open","ping_status":"open","sticky":false,"template":"","format":"standard","meta":{"beyondwords_generate_audio":"","beyondwords_project_id":"","beyondwords_podcast_id":"","beyondwords_hash":"","beyondwords_error_message":"","beyondwords_disabled":"","publish_post_to_speechkit":"","speechkit_generate_audio":"","speechkit_project_id":"","speechkit_podcast_id":"","speechkit_hash":"","speechkit_error_message":"","speechkit_disabled":"","speechkit_access_key":"","speechkit_error":"","speechkit_info":"","speechkit_response":"","speechkit_retries":"","_speechkit_link":"","_speechkit_text":""},"categories":[134,1288],"tags":[392,6131,815,683,542,1386,350,6132,5619,6133],"jetpack_featured_media_url":"","_links":{"self":[{"href":"https:\/\/pinews.com.br\/index.php\/wp-json\/wp\/v2\/posts\/14683"}],"collection":[{"href":"https:\/\/pinews.com.br\/index.php\/wp-json\/wp\/v2\/posts"}],"about":[{"href":"https:\/\/pinews.com.br\/index.php\/wp-json\/wp\/v2\/types\/post"}],"author":[{"embeddable":true,"href":"https:\/\/pinews.com.br\/index.php\/wp-json\/wp\/v2\/users\/1"}],"replies":[{"embeddable":true,"href":"https:\/\/pinews.com.br\/index.php\/wp-json\/wp\/v2\/comments?post=14683"}],"version-history":[{"count":0,"href":"https:\/\/pinews.com.br\/index.php\/wp-json\/wp\/v2\/posts\/14683\/revisions"}],"wp:featuredmedia":[{"embeddable":true,"href":"https:\/\/pinews.com.br\/index.php\/wp-json\/"}],"wp:attachment":[{"href":"https:\/\/pinews.com.br\/index.php\/wp-json\/wp\/v2\/media?parent=14683"}],"wp:term":[{"taxonomy":"category","embeddable":true,"href":"https:\/\/pinews.com.br\/index.php\/wp-json\/wp\/v2\/categories?post=14683"},{"taxonomy":"post_tag","embeddable":true,"href":"https:\/\/pinews.com.br\/index.php\/wp-json\/wp\/v2\/tags?post=14683"}],"curies":[{"name":"wp","href":"https:\/\/api.w.org\/{rel}","templated":true}]}}