{"id":14687,"date":"2020-10-15T10:49:42","date_gmt":"2020-10-15T13:49:42","guid":{"rendered":"https:\/\/pinews.com.br\/?p=14687"},"modified":"2020-10-15T10:49:42","modified_gmt":"2020-10-15T13:49:42","slug":"stj-confirma-decisao-que-liberta-presos-que-nao-pagaram-fianca","status":"publish","type":"post","link":"https:\/\/pinews.com.br\/index.php\/2020\/10\/15\/stj-confirma-decisao-que-liberta-presos-que-nao-pagaram-fianca\/","title":{"rendered":"STJ confirma decis\u00e3o que liberta presos que n\u00e3o pagaram fian\u00e7a"},"content":{"rendered":"\n<p>A Terceira Se\u00e7\u00e3o do Superior Tribunal de Justi\u00e7a (STJ) decidiu na quarta-feira&nbsp;(14) confirmar a decis\u00e3o que determinou a soltura de todos os presos do pa\u00eds que foram beneficiados com liberdade provis\u00f3ria, mas continuaram encarcerados pela falta de pagamento de fian\u00e7a. A medida foi tomada em fun\u00e7\u00e3o da pandemia da covid-19.<\/p>\n\n\n\n<p>A decis\u00e3o foi tomada pelo ministro Sebasti\u00e3o Reis J\u00fanior em abril e, por unanimidade, mantida pelo colegiado. Para o ministro, na crise provocada pela pandemia do novo coronav\u00edrus, condicionar a liberdade dos presos ao pagamento de fian\u00e7a \u00e9 medida \u201cirrazo\u00e1vel\u201d.<\/p>\n\n\n\n<p>O caso envolveu um pedido de&nbsp;habeas corpus&nbsp;protocolado pela Defensoria P\u00fablica do Esp\u00edrito Santo. O \u00f3rg\u00e3o alegou que a soltura de presos nessa situa\u00e7\u00e3o se encaixa na recomenda\u00e7\u00e3o do Conselho Nacional de Justi\u00e7a (CNJ) sobre a reavalia\u00e7\u00e3o de pris\u00f5es em fun\u00e7\u00e3o da pandemia.<\/p>\n\n\n\n<p>No m\u00eas passado, o presidente do CNJ e do Supremo Tribunal Federal (STF), ministro Luiz Fux, decidiu restringir&nbsp;casos em que presos podem ser soltos em fun\u00e7\u00e3o da covid-19.<\/p>\n\n\n\n<p>De acordo com a Recomenda\u00e7\u00e3o N\u00ba 78, pessoas acusadas de corrup\u00e7\u00e3o, lavagem de dinheiro, crimes hediondos e viol\u00eancia&nbsp;dom\u00e9stica n\u00e3o poder\u00e3o ser beneficiadas com a revis\u00e3o da pris\u00e3o provis\u00f3ria ou do regime de cumprimento de pena. Foi o primeiro ato de Fux na presid\u00eancia do CNJ.<\/p>\n\n\n\n<p>A decis\u00e3o do ministro restringiu a Recomenda\u00e7\u00e3o n\u00ba 62, editada em mar\u00e7o pelo ex-presidente co conselho Dias Toffoli. A norma anterior abriu a possibilidade de soltura a todos os presos.<\/p>\n\n\n\n<p><strong>Fonte: Ag\u00eancia Brasil<\/strong><\/p>\n","protected":false},"excerpt":{"rendered":"<p>A Terceira Se\u00e7\u00e3o do Superior Tribunal de Justi\u00e7a (STJ) decidiu na quarta-feira&nbsp;(14) confirmar a decis\u00e3o que determinou a soltura de todos os presos do pa\u00eds que foram beneficiados com liberdade provis\u00f3ria, mas continuaram encarcerados pela falta de pagamento de fian\u00e7a. A medida foi tomada em fun\u00e7\u00e3o da pandemia da covid-19. A decis\u00e3o foi tomada pelo [&hellip;]<\/p>\n","protected":false},"author":1,"featured_media":14688,"comment_status":"open","ping_status":"open","sticky":false,"template":"","format":"standard","meta":{"beyondwords_generate_audio":"","beyondwords_project_id":"","beyondwords_podcast_id":"","beyondwords_hash":"","beyondwords_error_message":"","beyondwords_disabled":"","publish_post_to_speechkit":"","speechkit_generate_audio":"","speechkit_project_id":"","speechkit_podcast_id":"","speechkit_hash":"","speechkit_error_message":"","speechkit_disabled":"","speechkit_access_key":"","speechkit_error":"","speechkit_info":"","speechkit_response":"","speechkit_retries":"","_speechkit_link":"","_speechkit_text":""},"categories":[134],"tags":[1951,6134,6135,6136,653,6137,600,1837],"jetpack_featured_media_url":"","_links":{"self":[{"href":"https:\/\/pinews.com.br\/index.php\/wp-json\/wp\/v2\/posts\/14687"}],"collection":[{"href":"https:\/\/pinews.com.br\/index.php\/wp-json\/wp\/v2\/posts"}],"about":[{"href":"https:\/\/pinews.com.br\/index.php\/wp-json\/wp\/v2\/types\/post"}],"author":[{"embeddable":true,"href":"https:\/\/pinews.com.br\/index.php\/wp-json\/wp\/v2\/users\/1"}],"replies":[{"embeddable":true,"href":"https:\/\/pinews.com.br\/index.php\/wp-json\/wp\/v2\/comments?post=14687"}],"version-history":[{"count":0,"href":"https:\/\/pinews.com.br\/index.php\/wp-json\/wp\/v2\/posts\/14687\/revisions"}],"wp:featuredmedia":[{"embeddable":true,"href":"https:\/\/pinews.com.br\/index.php\/wp-json\/"}],"wp:attachment":[{"href":"https:\/\/pinews.com.br\/index.php\/wp-json\/wp\/v2\/media?parent=14687"}],"wp:term":[{"taxonomy":"category","embeddable":true,"href":"https:\/\/pinews.com.br\/index.php\/wp-json\/wp\/v2\/categories?post=14687"},{"taxonomy":"post_tag","embeddable":true,"href":"https:\/\/pinews.com.br\/index.php\/wp-json\/wp\/v2\/tags?post=14687"}],"curies":[{"name":"wp","href":"https:\/\/api.w.org\/{rel}","templated":true}]}}