{"id":14779,"date":"2020-10-18T10:36:05","date_gmt":"2020-10-18T13:36:05","guid":{"rendered":"https:\/\/pinews.com.br\/?p=14779"},"modified":"2020-10-18T10:36:05","modified_gmt":"2020-10-18T13:36:05","slug":"brasil-nao-tera-horario-de-verao-pelo-segundo-ano-consecutivo","status":"publish","type":"post","link":"https:\/\/pinews.com.br\/index.php\/2020\/10\/18\/brasil-nao-tera-horario-de-verao-pelo-segundo-ano-consecutivo\/","title":{"rendered":"Brasil n\u00e3o ter\u00e1 hor\u00e1rio de ver\u00e3o pelo segundo ano consecutivo"},"content":{"rendered":"\n<p>Pelo segundo ano seguido o Brasil n\u00e3o ter\u00e1 hor\u00e1rio de ver\u00e3o, instrumento usado de 2008 a 2018 com o objetivo de economizar o consumo de energia em 10 estados que registram maior luminosidade entre outubro e fevereiro.<\/p>\n\n\n\n<p>Por decreto em abril do ano passado, o presidente Jair Bolsonaro encerrou o hor\u00e1rio de ver\u00e3o ap\u00f3s estudo do Minist\u00e9rio de Minas e Energia (MME) apontar que com o fim da mudan\u00e7a tempor\u00e1ria o consumidor teria uma economia de R$ 100 milh\u00f5es.<\/p>\n\n\n\n<p>\u201cNos \u00faltimos anos, com as mudan\u00e7as no h\u00e1bito de consumo da popula\u00e7\u00e3o e a intensifica\u00e7\u00e3o do uso do ar condicionado, o per\u00edodo de maior consumo di\u00e1rio de energia el\u00e9trica foi deslocado para o per\u00edodo da tarde, quando o hor\u00e1rio de ver\u00e3o n\u00e3o tinha influ\u00eancia. Como a luz traz consigo o calor, o hor\u00e1rio de ver\u00e3o tamb\u00e9m passou a produzir um efeito de aumento de consumo em determinados hor\u00e1rios, que j\u00e1 superavam seus benef\u00edcios\u201d, explicou o MME em nota na \u00e9poca.<\/p>\n\n\n\n<p>A redu\u00e7\u00e3o da economia do hor\u00e1rio de ver\u00e3o come\u00e7ou a ser percebida e questionada em 2017, quando foi registrada uma queda de consumo da ordem de 2.185 megawatts, equivalente a cerca de R$ 145 milh\u00f5es. Em 2013, a economia havia sido de R$ 405 milh\u00f5es, caindo para R$ 159,5 milh\u00f5es em 2016, uma queda de 60%.<\/p>\n\n\n\n<p><strong>Fonte: Estad\u00e3o Conte\u00fado<\/strong><\/p>\n","protected":false},"excerpt":{"rendered":"<p>Pelo segundo ano seguido o Brasil n\u00e3o ter\u00e1 hor\u00e1rio de ver\u00e3o, instrumento usado de 2008 a 2018 com o objetivo de economizar o consumo de energia em 10 estados que registram maior luminosidade entre outubro e fevereiro. Por decreto em abril do ano passado, o presidente Jair Bolsonaro encerrou o hor\u00e1rio de ver\u00e3o ap\u00f3s estudo [&hellip;]<\/p>\n","protected":false},"author":1,"featured_media":14780,"comment_status":"open","ping_status":"open","sticky":false,"template":"","format":"standard","meta":{"beyondwords_generate_audio":"","beyondwords_project_id":"","beyondwords_podcast_id":"","beyondwords_hash":"","beyondwords_error_message":"","beyondwords_disabled":"","publish_post_to_speechkit":"","speechkit_generate_audio":"","speechkit_project_id":"","speechkit_podcast_id":"","speechkit_hash":"","speechkit_error_message":"","speechkit_disabled":"","speechkit_access_key":"","speechkit_error":"","speechkit_info":"","speechkit_response":"","speechkit_retries":"","_speechkit_link":"","_speechkit_text":""},"categories":[134],"tags":[602,1093,6180,44,6181,653,137,6182,5437,6183],"jetpack_featured_media_url":"","_links":{"self":[{"href":"https:\/\/pinews.com.br\/index.php\/wp-json\/wp\/v2\/posts\/14779"}],"collection":[{"href":"https:\/\/pinews.com.br\/index.php\/wp-json\/wp\/v2\/posts"}],"about":[{"href":"https:\/\/pinews.com.br\/index.php\/wp-json\/wp\/v2\/types\/post"}],"author":[{"embeddable":true,"href":"https:\/\/pinews.com.br\/index.php\/wp-json\/wp\/v2\/users\/1"}],"replies":[{"embeddable":true,"href":"https:\/\/pinews.com.br\/index.php\/wp-json\/wp\/v2\/comments?post=14779"}],"version-history":[{"count":0,"href":"https:\/\/pinews.com.br\/index.php\/wp-json\/wp\/v2\/posts\/14779\/revisions"}],"wp:featuredmedia":[{"embeddable":true,"href":"https:\/\/pinews.com.br\/index.php\/wp-json\/"}],"wp:attachment":[{"href":"https:\/\/pinews.com.br\/index.php\/wp-json\/wp\/v2\/media?parent=14779"}],"wp:term":[{"taxonomy":"category","embeddable":true,"href":"https:\/\/pinews.com.br\/index.php\/wp-json\/wp\/v2\/categories?post=14779"},{"taxonomy":"post_tag","embeddable":true,"href":"https:\/\/pinews.com.br\/index.php\/wp-json\/wp\/v2\/tags?post=14779"}],"curies":[{"name":"wp","href":"https:\/\/api.w.org\/{rel}","templated":true}]}}