{"id":14812,"date":"2020-10-19T10:45:17","date_gmt":"2020-10-19T13:45:17","guid":{"rendered":"https:\/\/pinews.com.br\/?p=14812"},"modified":"2020-10-19T10:45:17","modified_gmt":"2020-10-19T13:45:17","slug":"bolsonaro-indica-militares-para-agencia-de-protecao-de-dados","status":"publish","type":"post","link":"https:\/\/pinews.com.br\/index.php\/2020\/10\/19\/bolsonaro-indica-militares-para-agencia-de-protecao-de-dados\/","title":{"rendered":"Bolsonaro indica militares para ag\u00eancia de Prote\u00e7\u00e3o de dados"},"content":{"rendered":"\n<p>Tr\u00eas dos cinco nomes indicados na semana passada pelo governo para compor a diretoria da Autoridade Nacional de Prote\u00e7\u00e3o de Dados (ANPD) s\u00e3o egressos das For\u00e7as Armadas. A presen\u00e7a majorit\u00e1ria de militares no \u00f3rg\u00e3o rec\u00e9m-criado para fiscalizar o cumprimento da Lei Geral de Prote\u00e7\u00e3o de Dados chamou a aten\u00e7\u00e3o do setor. Segundo levantamento feito pela Associa\u00e7\u00e3o Data Privacy Brasil de Pesquisa, apenas China e R\u00fassia t\u00eam militares na composi\u00e7\u00e3o de tais \u00f3rg\u00e3os.<\/p>\n\n\n\n<p>\u201cO fato de o Brasil ter indicado tr\u00eas militares de uma s\u00f3 vez tamb\u00e9m representa um movimento in\u00e9dito, em compara\u00e7\u00e3o aos 20 pa\u00edses economicamente avan\u00e7ados do mundo\u201d, afirmam os pesquisadores.<\/p>\n\n\n\n<p>Em vigor desde setembro, a nova lei regulamenta o tratamento de dados pessoais de clientes e usu\u00e1rios por parte de empresas p\u00fablicas e privadas. Pela legisla\u00e7\u00e3o, a ANPD \u00e9 respons\u00e1vel \u201cpor zelar, implementar e fiscalizar o cumprimento\u201d do novo marco do setor.<\/p>\n\n\n\n<p>Indicado para um mandato de seis anos, o diretor-presidente do \u00f3rg\u00e3o ser\u00e1 Waldemar Gon\u00e7alves Ortunho J\u00fanior. Coronel reformado do Ex\u00e9rcito, ele \u00e9 presidente da Telebr\u00e1s desde o in\u00edcio do governo do presidente Jair Bolsonaro, de quem \u00e9 amigo. Joacil Basilio Rael, tamb\u00e9m militar reformado e assessor da presid\u00eancia da Telebr\u00e1s, foi indicado para o mandato de quatro anos. Ele \u00e9 professor e especialista em seguran\u00e7a de dados, pol\u00edtica de seguran\u00e7a, criptografia e compacta\u00e7\u00e3o de dados.<\/p>\n\n\n\n<p>Para o mandato de cinco anos, foi indicado o tenente-coronel Arthur Pereira Sabbat, hoje diretor do Departamento de Seguran\u00e7a da Informa\u00e7\u00e3o do Gabinete de Seguran\u00e7a Institucional (GSI). \u00c9 especialista em seguran\u00e7a e estrat\u00e9gia cibern\u00e9tica e de infraestruturas cr\u00edticas. Foi um dos respons\u00e1veis pela elabora\u00e7\u00e3o da Instru\u00e7\u00e3o Normativa 4, que estabeleceu requisitos m\u00ednimos de seguran\u00e7a para o 5G.<\/p>\n\n\n\n<p>Os indicados para diretoria de ag\u00eancias reguladoras ser\u00e3o sabatinados hoje no Senado. S\u00e3o ao todo 16 nomes, para \u00f3rg\u00e3os como Anatel, ANP, Anac, Aneel e Antaq.<\/p>\n\n\n\n<p>As informa\u00e7\u00f5es s\u00e3o do jornal&nbsp;<em>O Estado de S. Paulo.<\/em><\/p>\n\n\n\n<p><strong>Fonte: Estad\u00e3o Conte\u00fado <\/strong><\/p>\n","protected":false},"excerpt":{"rendered":"<p>Tr\u00eas dos cinco nomes indicados na semana passada pelo governo para compor a diretoria da Autoridade Nacional de Prote\u00e7\u00e3o de Dados (ANPD) s\u00e3o egressos das For\u00e7as Armadas. A presen\u00e7a majorit\u00e1ria de militares no \u00f3rg\u00e3o rec\u00e9m-criado para fiscalizar o cumprimento da Lei Geral de Prote\u00e7\u00e3o de Dados chamou a aten\u00e7\u00e3o do setor. Segundo levantamento feito pela [&hellip;]<\/p>\n","protected":false},"author":1,"featured_media":12358,"comment_status":"open","ping_status":"open","sticky":false,"template":"","format":"standard","meta":{"beyondwords_generate_audio":"","beyondwords_project_id":"","beyondwords_podcast_id":"","beyondwords_hash":"","beyondwords_error_message":"","beyondwords_disabled":"","publish_post_to_speechkit":"","speechkit_generate_audio":"","speechkit_project_id":"","speechkit_podcast_id":"","speechkit_hash":"","speechkit_error_message":"","speechkit_disabled":"","speechkit_access_key":"","speechkit_error":"","speechkit_info":"","speechkit_response":"","speechkit_retries":"","_speechkit_link":"","_speechkit_text":""},"categories":[134,1201],"tags":[69,1202,5464,44,6199,630,350,2850],"jetpack_featured_media_url":"","_links":{"self":[{"href":"https:\/\/pinews.com.br\/index.php\/wp-json\/wp\/v2\/posts\/14812"}],"collection":[{"href":"https:\/\/pinews.com.br\/index.php\/wp-json\/wp\/v2\/posts"}],"about":[{"href":"https:\/\/pinews.com.br\/index.php\/wp-json\/wp\/v2\/types\/post"}],"author":[{"embeddable":true,"href":"https:\/\/pinews.com.br\/index.php\/wp-json\/wp\/v2\/users\/1"}],"replies":[{"embeddable":true,"href":"https:\/\/pinews.com.br\/index.php\/wp-json\/wp\/v2\/comments?post=14812"}],"version-history":[{"count":0,"href":"https:\/\/pinews.com.br\/index.php\/wp-json\/wp\/v2\/posts\/14812\/revisions"}],"wp:featuredmedia":[{"embeddable":true,"href":"https:\/\/pinews.com.br\/index.php\/wp-json\/"}],"wp:attachment":[{"href":"https:\/\/pinews.com.br\/index.php\/wp-json\/wp\/v2\/media?parent=14812"}],"wp:term":[{"taxonomy":"category","embeddable":true,"href":"https:\/\/pinews.com.br\/index.php\/wp-json\/wp\/v2\/categories?post=14812"},{"taxonomy":"post_tag","embeddable":true,"href":"https:\/\/pinews.com.br\/index.php\/wp-json\/wp\/v2\/tags?post=14812"}],"curies":[{"name":"wp","href":"https:\/\/api.w.org\/{rel}","templated":true}]}}