{"id":14865,"date":"2020-10-20T11:19:18","date_gmt":"2020-10-20T14:19:18","guid":{"rendered":"https:\/\/pinews.com.br\/?p=14865"},"modified":"2020-10-20T11:19:18","modified_gmt":"2020-10-20T14:19:18","slug":"uespi-divulga-resultado-final-do-auxilio-inclusao-digital-para-emprestimo-de-tablets","status":"publish","type":"post","link":"https:\/\/pinews.com.br\/index.php\/2020\/10\/20\/uespi-divulga-resultado-final-do-auxilio-inclusao-digital-para-emprestimo-de-tablets\/","title":{"rendered":"Uespi divulga resultado final do aux\u00edlio inclus\u00e3o digital para empr\u00e9stimo de tablets"},"content":{"rendered":"\n<p>A Universidade Estadual do Piau\u00ed (Uespi), por meio da Pr\u00f3-Reitoria de Extens\u00e3o, Assuntos Estudantis e Comunit\u00e1rios (Prex), torna p\u00fablico o resultado final do edital Daec\/Prex\/Uespi n\u00ba 17\/2020 referente ao Programa Aux\u00edlio Inclus\u00e3o Digital (Modalidade Empr\u00e9stimo de Equipamento).<\/p>\n\n\n\n<p>A partir desta ter\u00e7a-feira (20), os equipamentos estar\u00e3o dispon\u00edveis aos alunos contemplados no edital.<\/p>\n\n\n\n<p>Os alunos dever\u00e3o se dirigir \u00e0s dire\u00e7\u00f5es de seus respectivos campi para receber o aparelho. No ato da entrega, devem assinar o termo de responsabilidade pelo empr\u00e9stimo do tablet.<\/p>\n\n\n\n<p><a href=\"https:\/\/www.uespi.br\/site\/wp-content\/uploads\/2020\/10\/RESULT.-TABLET-OK.pdf\" target=\"_blank\" rel=\"noreferrer noopener\"><strong>CONFIRA AQUI O RESULTADO<\/strong><\/a><\/p>\n\n\n\n<p><strong>Fonte: Ascom<\/strong><\/p>\n","protected":false},"excerpt":{"rendered":"<p>A Universidade Estadual do Piau\u00ed (Uespi), por meio da Pr\u00f3-Reitoria de Extens\u00e3o, Assuntos Estudantis e Comunit\u00e1rios (Prex), torna p\u00fablico o resultado final do edital Daec\/Prex\/Uespi n\u00ba 17\/2020 referente ao Programa Aux\u00edlio Inclus\u00e3o Digital (Modalidade Empr\u00e9stimo de Equipamento). A partir desta ter\u00e7a-feira (20), os equipamentos estar\u00e3o dispon\u00edveis aos alunos contemplados no edital. Os alunos dever\u00e3o se [&hellip;]<\/p>\n","protected":false},"author":1,"featured_media":14866,"comment_status":"open","ping_status":"open","sticky":false,"template":"","format":"standard","meta":{"beyondwords_generate_audio":"","beyondwords_project_id":"","beyondwords_podcast_id":"","beyondwords_hash":"","beyondwords_error_message":"","beyondwords_disabled":"","publish_post_to_speechkit":"","speechkit_generate_audio":"","speechkit_project_id":"","speechkit_podcast_id":"","speechkit_hash":"","speechkit_error_message":"","speechkit_disabled":"","speechkit_access_key":"","speechkit_error":"","speechkit_info":"","speechkit_response":"","speechkit_retries":"","_speechkit_link":"","_speechkit_text":""},"categories":[51],"tags":[2647,44,6225,5787,4185,6226,6227,350,398,5823,1528],"jetpack_featured_media_url":"","_links":{"self":[{"href":"https:\/\/pinews.com.br\/index.php\/wp-json\/wp\/v2\/posts\/14865"}],"collection":[{"href":"https:\/\/pinews.com.br\/index.php\/wp-json\/wp\/v2\/posts"}],"about":[{"href":"https:\/\/pinews.com.br\/index.php\/wp-json\/wp\/v2\/types\/post"}],"author":[{"embeddable":true,"href":"https:\/\/pinews.com.br\/index.php\/wp-json\/wp\/v2\/users\/1"}],"replies":[{"embeddable":true,"href":"https:\/\/pinews.com.br\/index.php\/wp-json\/wp\/v2\/comments?post=14865"}],"version-history":[{"count":0,"href":"https:\/\/pinews.com.br\/index.php\/wp-json\/wp\/v2\/posts\/14865\/revisions"}],"wp:featuredmedia":[{"embeddable":true,"href":"https:\/\/pinews.com.br\/index.php\/wp-json\/"}],"wp:attachment":[{"href":"https:\/\/pinews.com.br\/index.php\/wp-json\/wp\/v2\/media?parent=14865"}],"wp:term":[{"taxonomy":"category","embeddable":true,"href":"https:\/\/pinews.com.br\/index.php\/wp-json\/wp\/v2\/categories?post=14865"},{"taxonomy":"post_tag","embeddable":true,"href":"https:\/\/pinews.com.br\/index.php\/wp-json\/wp\/v2\/tags?post=14865"}],"curies":[{"name":"wp","href":"https:\/\/api.w.org\/{rel}","templated":true}]}}