{"id":15013,"date":"2020-10-25T18:38:00","date_gmt":"2020-10-25T21:38:00","guid":{"rendered":"https:\/\/pinews.com.br\/?p=15013"},"modified":"2020-10-25T18:38:00","modified_gmt":"2020-10-25T21:38:00","slug":"mulher-procura-delegacia-e-confessa-ter-matado-companheiro-a-facadas-no-piaui-estava-sendo-agredida","status":"publish","type":"post","link":"https:\/\/pinews.com.br\/index.php\/2020\/10\/25\/mulher-procura-delegacia-e-confessa-ter-matado-companheiro-a-facadas-no-piaui-estava-sendo-agredida\/","title":{"rendered":"Mulher procura delegacia e confessa ter matado companheiro a facadas no Piau\u00ed: &#8216;estava sendo agredida&#8217;"},"content":{"rendered":"\n<p>Uma mulher de 36 anos compareceu \u00e0 Delegacia de Pol\u00edcia Civil de Valen\u00e7a do Piau\u00ed, na noite de s\u00e1bado (24), confessando ter matado o companheiro, Manoel da Cruz Nascimento, a facadas durante uma briga. De acordo com o delegado Maycon Braga, a mulher relatou estar sendo agredida no momento do crime.<\/p>\n\n\n\n<blockquote class=\"wp-block-quote\"><p>&#8220;Ela veio at\u00e9 a delegacia, se apresentou, espontaneamente, logo ap\u00f3s o crime, e relatou o fato. N\u00e3o foi conduzida, n\u00e3o houve persegui\u00e7\u00e3o policial&#8221;, contou o delegado.<\/p><\/blockquote>\n\n\n\n<p>Segundo Maycon Braga, o casal estava junto h\u00e1 cerca de tr\u00eas anos. &#8220;Ela disse que ele bateu nela e que como ela n\u00e3o aguentava mais a situa\u00e7\u00e3o resolveu esfaquear e ele veio a \u00f3bito&#8221;, informou.<\/p>\n\n\n\n<p>A per\u00edcia foi realizada e o caso ser\u00e1 investigado. Ap\u00f3s os esclarecimentos, a&nbsp;mulher foi liberada, pois n\u00e3o havia situa\u00e7\u00e3o de flagrante de delito.<\/p>\n\n\n\n<p>&#8220;Vou aguardar os laudos periciais, t\u00e9cnicos. Ent\u00e3o vou ter a certeza se houve a luta corporal, como ela alega. Posteriormente, com esses laudos, vou ter a certeza se vou pedir pela pela pris\u00e3o preventiva dela ou n\u00e3o&#8221;, explicou Maycon Braga.<\/p>\n\n\n\n<p><strong>Fonte: G1 PI <\/strong><\/p>\n","protected":false},"excerpt":{"rendered":"<p>Uma mulher de 36 anos compareceu \u00e0 Delegacia de Pol\u00edcia Civil de Valen\u00e7a do Piau\u00ed, na noite de s\u00e1bado (24), confessando ter matado o companheiro, Manoel da Cruz Nascimento, a facadas durante uma briga. De acordo com o delegado Maycon Braga, a mulher relatou estar sendo agredida no momento do crime. &#8220;Ela veio at\u00e9 a [&hellip;]<\/p>\n","protected":false},"author":1,"featured_media":15014,"comment_status":"open","ping_status":"open","sticky":false,"template":"","format":"standard","meta":{"beyondwords_generate_audio":"","beyondwords_project_id":"","beyondwords_podcast_id":"","beyondwords_hash":"","beyondwords_error_message":"","beyondwords_disabled":"","publish_post_to_speechkit":"","speechkit_generate_audio":"","speechkit_project_id":"","speechkit_podcast_id":"","speechkit_hash":"","speechkit_error_message":"","speechkit_disabled":"","speechkit_access_key":"","speechkit_error":"","speechkit_info":"","speechkit_response":"","speechkit_retries":"","_speechkit_link":"","_speechkit_text":""},"categories":[51,78],"tags":[1032,477,1438,1088,201,479,6290,135,52,654,66,521],"jetpack_featured_media_url":"","_links":{"self":[{"href":"https:\/\/pinews.com.br\/index.php\/wp-json\/wp\/v2\/posts\/15013"}],"collection":[{"href":"https:\/\/pinews.com.br\/index.php\/wp-json\/wp\/v2\/posts"}],"about":[{"href":"https:\/\/pinews.com.br\/index.php\/wp-json\/wp\/v2\/types\/post"}],"author":[{"embeddable":true,"href":"https:\/\/pinews.com.br\/index.php\/wp-json\/wp\/v2\/users\/1"}],"replies":[{"embeddable":true,"href":"https:\/\/pinews.com.br\/index.php\/wp-json\/wp\/v2\/comments?post=15013"}],"version-history":[{"count":0,"href":"https:\/\/pinews.com.br\/index.php\/wp-json\/wp\/v2\/posts\/15013\/revisions"}],"wp:featuredmedia":[{"embeddable":true,"href":"https:\/\/pinews.com.br\/index.php\/wp-json\/"}],"wp:attachment":[{"href":"https:\/\/pinews.com.br\/index.php\/wp-json\/wp\/v2\/media?parent=15013"}],"wp:term":[{"taxonomy":"category","embeddable":true,"href":"https:\/\/pinews.com.br\/index.php\/wp-json\/wp\/v2\/categories?post=15013"},{"taxonomy":"post_tag","embeddable":true,"href":"https:\/\/pinews.com.br\/index.php\/wp-json\/wp\/v2\/tags?post=15013"}],"curies":[{"name":"wp","href":"https:\/\/api.w.org\/{rel}","templated":true}]}}