{"id":15045,"date":"2020-10-26T18:43:19","date_gmt":"2020-10-26T21:43:19","guid":{"rendered":"https:\/\/pinews.com.br\/?p=15045"},"modified":"2020-10-26T18:43:19","modified_gmt":"2020-10-26T21:43:19","slug":"jovem-ferido-em-acidente-morre-apos-6-paradas-cardiacas-em-hospital-no-piaui","status":"publish","type":"post","link":"https:\/\/pinews.com.br\/index.php\/2020\/10\/26\/jovem-ferido-em-acidente-morre-apos-6-paradas-cardiacas-em-hospital-no-piaui\/","title":{"rendered":"Jovem ferido em acidente morre ap\u00f3s 6 paradas card\u00edacas em hospital no Piau\u00ed"},"content":{"rendered":"\n<p>Jailson da Silva Santos, de 29 anos, que sofreu traumatismo craniano&nbsp;ap\u00f3s um grave acidente entre duas motos na noite deste domingo (25), na BR-230, em Oeiras, faleceu por volta das 14h desta segunda-feira (26), ap\u00f3s ter seis paradas card\u00edacas na Unidade de Pronto Atendimento (UPA) da cidade.<\/p>\n\n\n\n<p>As motocicletas seguiam em sentido contr\u00e1rio quando se chocaram na rodovia. Os condutores da moto que colidiu contra a motocicleta conduzida por Jailson tiveram apenas algumas escoria\u00e7\u00f5es e evadiram-se do local, antes da chegada do socorro.<\/p>\n\n\n\n<p>Devido a gravidade de seu quadro cl\u00ednico, Jailson aguardava a autoriza\u00e7\u00e3o da regula\u00e7\u00e3o para ser transferido para Teresina. Por\u00e9m, antes da transfer\u00eancia, ele sofreu seis paradas card\u00edacas, sendo reanimado cinco vezes, mas n\u00e3o resistiu e veio \u00e0 \u00f3bito. Jailson da Silva ficou inconsciente no momento em que foi socorrido. Ele foi encaminhado para o setor de urg\u00eancia, onde foi intubado. Jailson da Silva Santos morava no bairro Canela em Oeiras, pr\u00f3ximo \u00e0 Pra\u00e7a da Juventude.<\/p>\n\n\n\n<figure class=\"wp-block-image\"><img decoding=\"async\" src=\"https:\/\/static.meionorte.com\/uploads\/imagens\/2020\/10\/26\/490469f9-5b23-4780-a7dc-4c7a6603ac0f-6c319d53-0c00-4d3f-99cb-6885c4a12073.jpg\" alt=\"\"\/><figcaption>Jailson da Silva Santos, de 29 anos (Reprodu\u00e7\u00e3o\/ Mural da Vila)<\/figcaption><\/figure>\n\n\n\n<p><strong>O caso<\/strong><\/p>\n\n\n\n<p>Um homem, identificado como Jailson da Silva Santos, sofreu traumatismo craniano ap\u00f3s se envolver em um grave acidente entre motocicletas na BR 230, sentido Oeiras-Picos, pr\u00f3ximo a entrada do IFPI, no Sul do Piau\u00ed, na noite deste domingo (25). &nbsp;Uma outra mulher, que n\u00e3o foi identificada, tamb\u00e9m ficou ferida no acidente, com v\u00e1rias escoria\u00e7\u00f5es pelo corpo. Os dois foram socorridos pelo Servi\u00e7o de Atendimento M\u00f3vel de Urg\u00eancia (SAMU). &nbsp;Os condutores da moto que colidiu contra a motocicleta conduzida por Jailson d tiveram algumas escoria\u00e7\u00f5es e evadiram-se do local, antes da chegada do socorro.<\/p>\n\n\n\n<p><strong>Fonte: Mural da Vila<\/strong><\/p>\n","protected":false},"excerpt":{"rendered":"<p>Jailson da Silva Santos, de 29 anos, que sofreu traumatismo craniano&nbsp;ap\u00f3s um grave acidente entre duas motos na noite deste domingo (25), na BR-230, em Oeiras, faleceu por volta das 14h desta segunda-feira (26), ap\u00f3s ter seis paradas card\u00edacas na Unidade de Pronto Atendimento (UPA) da cidade. As motocicletas seguiam em sentido contr\u00e1rio quando se [&hellip;]<\/p>\n","protected":false},"author":1,"featured_media":15046,"comment_status":"open","ping_status":"open","sticky":false,"template":"","format":"standard","meta":{"beyondwords_generate_audio":"","beyondwords_project_id":"","beyondwords_podcast_id":"","beyondwords_hash":"","beyondwords_error_message":"","beyondwords_disabled":"","publish_post_to_speechkit":"","speechkit_generate_audio":"","speechkit_project_id":"","speechkit_podcast_id":"","speechkit_hash":"","speechkit_error_message":"","speechkit_disabled":"","speechkit_access_key":"","speechkit_error":"","speechkit_info":"","speechkit_response":"","speechkit_retries":"","_speechkit_link":"","_speechkit_text":""},"categories":[51],"tags":[176,70,6295,46,295,339,266,119,6296,52],"jetpack_featured_media_url":"","_links":{"self":[{"href":"https:\/\/pinews.com.br\/index.php\/wp-json\/wp\/v2\/posts\/15045"}],"collection":[{"href":"https:\/\/pinews.com.br\/index.php\/wp-json\/wp\/v2\/posts"}],"about":[{"href":"https:\/\/pinews.com.br\/index.php\/wp-json\/wp\/v2\/types\/post"}],"author":[{"embeddable":true,"href":"https:\/\/pinews.com.br\/index.php\/wp-json\/wp\/v2\/users\/1"}],"replies":[{"embeddable":true,"href":"https:\/\/pinews.com.br\/index.php\/wp-json\/wp\/v2\/comments?post=15045"}],"version-history":[{"count":0,"href":"https:\/\/pinews.com.br\/index.php\/wp-json\/wp\/v2\/posts\/15045\/revisions"}],"wp:featuredmedia":[{"embeddable":true,"href":"https:\/\/pinews.com.br\/index.php\/wp-json\/"}],"wp:attachment":[{"href":"https:\/\/pinews.com.br\/index.php\/wp-json\/wp\/v2\/media?parent=15045"}],"wp:term":[{"taxonomy":"category","embeddable":true,"href":"https:\/\/pinews.com.br\/index.php\/wp-json\/wp\/v2\/categories?post=15045"},{"taxonomy":"post_tag","embeddable":true,"href":"https:\/\/pinews.com.br\/index.php\/wp-json\/wp\/v2\/tags?post=15045"}],"curies":[{"name":"wp","href":"https:\/\/api.w.org\/{rel}","templated":true}]}}