{"id":15100,"date":"2020-10-27T19:16:06","date_gmt":"2020-10-27T22:16:06","guid":{"rendered":"https:\/\/pinews.com.br\/?p=15100"},"modified":"2020-10-27T19:16:06","modified_gmt":"2020-10-27T22:16:06","slug":"governadores-do-brasil-escolhem-wellington-dias-para-articular-vacinacao-da-covid-19-no-pais","status":"publish","type":"post","link":"https:\/\/pinews.com.br\/index.php\/2020\/10\/27\/governadores-do-brasil-escolhem-wellington-dias-para-articular-vacinacao-da-covid-19-no-pais\/","title":{"rendered":"Governadores do Brasil escolhem Wellington Dias para articular vacina\u00e7\u00e3o da covid-19 no pa\u00eds"},"content":{"rendered":"\n<p>O governador do Piau\u00ed, Wellington Dias (PT), assumiu a coordena\u00e7\u00e3o dos governadores no tema da vacina\u00e7\u00e3o contra a Covid-19 no Brasil, e enviou uma carta ao presidente do Senado Federal, senador Davi Alcolumbre (DEM-AP), nesta ter\u00e7a (27), solicitando uma reuni\u00e3o para tratar do tema, considerado por ele como prioridade.&nbsp;<\/p>\n\n\n\n<p>Recentemente, Wellington Dias assumiu a presid\u00eancia do Cons\u00f3rcio Nordeste. Wellington Dias tamb\u00e9m protocolou pedido de audi\u00eancia com o ministro da Sa\u00fade, Eduardo Pazuello.&nbsp;<\/p>\n\n\n\n<p>Os governadores tentam di\u00e1logo com o Governo Federal ap\u00f3s a crise envolvendo o presidente da Rep\u00fablica Jair Bolsonaro com o ministro Eduardo Pazuello, sobre a compra de vacinas contra o novo coronav\u00edrus. Bolsonaro desautorizou a compra e disse que n\u00e3o compraria a vacina produzida no Butantan, desenvolvida por tecnologia chinesa.<\/p>\n\n\n\n<p>Na carta, Wellington Dias tenta tomar dist\u00e2ncia do conflito pol\u00edtico entre o presidente Jair Bolsonaro e o governador Jo\u00e3o Doria (PSDB), que se coloca como poss\u00edvel rival de Bolsonaro em 2022.&nbsp;<\/p>\n\n\n\n<p>No documento, os governadores t\u00eam \u201cdisposi\u00e7\u00e3o de seguir dialogando para implementa\u00e7\u00e3o da melhor proposta para o povo brasileiro, com base no Plano Nacional de Vacina\u00e7\u00e3o e Programa Nacional de Imuniza\u00e7\u00e3o, conforme aprovado\u201d.<\/p>\n\n\n\n<p>Os governadores defendem a n\u00e3o restrin\u00e7\u00e3o de fornecedores da vacinas e compre t\u00e3o logo elas fiquem prontas. \u201cManifestamos, em nome dos governadores, um compromisso com o di\u00e1logo e com o Plano Nacional de Estrat\u00e9gia para a vacina\u00e7\u00e3o aprovado no \u00faltimo dia 20 de outubro\u201d<\/p>\n\n\n\n<p>O governador ressalta que busca a instala\u00e7\u00e3o da comiss\u00e3o t\u00e9cnica, respons\u00e1vel por apresentar toda a estrat\u00e9gia de imuniza\u00e7\u00e3o contra o coronav\u00edrus, at\u00e9 o dia 30 de novembro. \u201cA primeira vacina que tiver autoriza\u00e7\u00e3o cient\u00edfica, \u00e9 esta que devemos utilizar no Brasil\u201d, defende.<\/p>\n\n\n\n<p>\u201cNossa disposi\u00e7\u00e3o \u00e9 de trabalhar no caminho do di\u00e1logo entre munic\u00edpios, governos dos estados, governo federal, Congresso Nacional, cientistas e setor privado\u201d.<\/p>\n\n\n\n<p><strong>Fonte: Carlienne Carpaso\/ Cidade Verde\/ Com informa\u00e7\u00f5es da Ag\u00eancia Folha e Governo do Piau\u00ed<\/strong><\/p>\n","protected":false},"excerpt":{"rendered":"<p>O governador do Piau\u00ed, Wellington Dias (PT), assumiu a coordena\u00e7\u00e3o dos governadores no tema da vacina\u00e7\u00e3o contra a Covid-19 no Brasil, e enviou uma carta ao presidente do Senado Federal, senador Davi Alcolumbre (DEM-AP), nesta ter\u00e7a (27), solicitando uma reuni\u00e3o para tratar do tema, considerado por ele como prioridade.&nbsp; Recentemente, Wellington Dias assumiu a presid\u00eancia [&hellip;]<\/p>\n","protected":false},"author":1,"featured_media":15101,"comment_status":"open","ping_status":"open","sticky":false,"template":"","format":"standard","meta":{"beyondwords_generate_audio":"","beyondwords_project_id":"","beyondwords_podcast_id":"","beyondwords_hash":"","beyondwords_error_message":"","beyondwords_disabled":"","publish_post_to_speechkit":"","speechkit_generate_audio":"","speechkit_project_id":"","speechkit_podcast_id":"","speechkit_hash":"","speechkit_error_message":"","speechkit_disabled":"","speechkit_access_key":"","speechkit_error":"","speechkit_info":"","speechkit_response":"","speechkit_retries":"","_speechkit_link":"","_speechkit_text":""},"categories":[134,51,1201],"tags":[6320,1093,5307,122,787,6321,4684,998,350,347,5484],"jetpack_featured_media_url":"","_links":{"self":[{"href":"https:\/\/pinews.com.br\/index.php\/wp-json\/wp\/v2\/posts\/15100"}],"collection":[{"href":"https:\/\/pinews.com.br\/index.php\/wp-json\/wp\/v2\/posts"}],"about":[{"href":"https:\/\/pinews.com.br\/index.php\/wp-json\/wp\/v2\/types\/post"}],"author":[{"embeddable":true,"href":"https:\/\/pinews.com.br\/index.php\/wp-json\/wp\/v2\/users\/1"}],"replies":[{"embeddable":true,"href":"https:\/\/pinews.com.br\/index.php\/wp-json\/wp\/v2\/comments?post=15100"}],"version-history":[{"count":0,"href":"https:\/\/pinews.com.br\/index.php\/wp-json\/wp\/v2\/posts\/15100\/revisions"}],"wp:featuredmedia":[{"embeddable":true,"href":"https:\/\/pinews.com.br\/index.php\/wp-json\/"}],"wp:attachment":[{"href":"https:\/\/pinews.com.br\/index.php\/wp-json\/wp\/v2\/media?parent=15100"}],"wp:term":[{"taxonomy":"category","embeddable":true,"href":"https:\/\/pinews.com.br\/index.php\/wp-json\/wp\/v2\/categories?post=15100"},{"taxonomy":"post_tag","embeddable":true,"href":"https:\/\/pinews.com.br\/index.php\/wp-json\/wp\/v2\/tags?post=15100"}],"curies":[{"name":"wp","href":"https:\/\/api.w.org\/{rel}","templated":true}]}}