{"id":15106,"date":"2020-10-28T10:28:44","date_gmt":"2020-10-28T13:28:44","guid":{"rendered":"https:\/\/pinews.com.br\/?p=15106"},"modified":"2020-10-28T10:28:44","modified_gmt":"2020-10-28T13:28:44","slug":"assai-atacadista-abre-1-800-vagas-temporarias-em-todo-o-pais-confira-cargos","status":"publish","type":"post","link":"https:\/\/pinews.com.br\/index.php\/2020\/10\/28\/assai-atacadista-abre-1-800-vagas-temporarias-em-todo-o-pais-confira-cargos\/","title":{"rendered":"Assa\u00ed Atacadista abre 1.800 vagas tempor\u00e1rias em todo o pa\u00eds; confira cargos"},"content":{"rendered":"\n<p>Assa\u00ed Atacadista, rede de atacado e autosservi\u00e7o, est\u00e1 com processo seletivo aberto para mais de 1.800&nbsp;vagas tempor\u00e1rias&nbsp;&nbsp;em todo o pa\u00eds, para refor\u00e7ar a equipe de 176 lojas neste fim de ano, per\u00edodo de maior movimento do setor.<\/p>\n\n\n\n<p>Algumas&nbsp;vagas&nbsp;s\u00e3o para cargos de empacotador, repositor, operador de caixa, operador de dep\u00f3sito e fiscal de preven\u00e7\u00e3o de perdas, com oportunidade de efetiva\u00e7\u00e3o. Segundo o Assa\u00ed, devido a pandemia de Covid-19, o processo seletivo ser\u00e1 totalmente online.<\/p>\n\n\n\n<p>Para se candidatar, precisa ser maior de 18 anos, ter ensino ensino m\u00e9dio completo e disponibilidade para trabalhar em escala 6\u00d71.<\/p>\n\n\n\n<p>Os interessados nas vagas do estado de S\u00e3o Paulo, devem pesquisar pelo&nbsp;cargo&nbsp;de interesse ou a cidade e cadastrar o curr\u00edculo nos sites das empresas parceiras: Facility, Global Empregos , Luandre e Randstad. O cadastro deve ser feito at\u00e9 10 de novembro. A rede oferece sal\u00e1rio e benef\u00edcios compat\u00edveis com o mercado.<\/p>\n\n\n\n<p><strong>O setor de varejo alimentar neste ano<\/strong><\/p>\n\n\n\n<p>O varejo alimentar paulista criou 2.215 vagas em agosto, 78,7% a mais do que no mesmo m\u00eas em 2019, segundo a Associa\u00e7\u00e3o Paulista de Supermercados (APAS). A associa\u00e7\u00e3o afirma que a gera\u00e7\u00e3o l\u00edquida de&nbsp;emprego&nbsp;at\u00e9 agosto n\u00e3o era t\u00e3o boa desde 2014. O saldo atual \u00e9 de 1.069 novas vagas, contando as demiss\u00f5es e vagas fechadas.<\/p>\n\n\n\n<p>O atacado foi o que mais contratou em agosto, com 843 vagas preenchidas. Em segundo lugar, os minimercados (654), seguido por supermercados (555) e, por \u00faltimo, os hortifrutis, com 163 vagas.<\/p>\n\n\n\n<p>Os supermercados em todo pa\u00eds criaram 5.630 vagas em agosto. O estado de S\u00e3o Paulo ficou em primeiro lugar, com 39,3% dos empregos.<\/p>\n\n\n\n<p><strong>Fonte:  iG\/ Brasil Econ\u00f4mico<\/strong><\/p>\n","protected":false},"excerpt":{"rendered":"<p>Assa\u00ed Atacadista, rede de atacado e autosservi\u00e7o, est\u00e1 com processo seletivo aberto para mais de 1.800&nbsp;vagas tempor\u00e1rias&nbsp;&nbsp;em todo o pa\u00eds, para refor\u00e7ar a equipe de 176 lojas neste fim de ano, per\u00edodo de maior movimento do setor. Algumas&nbsp;vagas&nbsp;s\u00e3o para cargos de empacotador, repositor, operador de caixa, operador de dep\u00f3sito e fiscal de preven\u00e7\u00e3o de perdas, [&hellip;]<\/p>\n","protected":false},"author":1,"featured_media":15107,"comment_status":"open","ping_status":"open","sticky":false,"template":"","format":"standard","meta":{"beyondwords_generate_audio":"","beyondwords_project_id":"","beyondwords_podcast_id":"","beyondwords_hash":"","beyondwords_error_message":"","beyondwords_disabled":"","publish_post_to_speechkit":"","speechkit_generate_audio":"","speechkit_project_id":"","speechkit_podcast_id":"","speechkit_hash":"","speechkit_error_message":"","speechkit_disabled":"","speechkit_access_key":"","speechkit_error":"","speechkit_info":"","speechkit_response":"","speechkit_retries":"","_speechkit_link":"","_speechkit_text":""},"categories":[134],"tags":[6324,412,6325,6326,6327,5820,46,998,6328,1022,6012],"jetpack_featured_media_url":"","_links":{"self":[{"href":"https:\/\/pinews.com.br\/index.php\/wp-json\/wp\/v2\/posts\/15106"}],"collection":[{"href":"https:\/\/pinews.com.br\/index.php\/wp-json\/wp\/v2\/posts"}],"about":[{"href":"https:\/\/pinews.com.br\/index.php\/wp-json\/wp\/v2\/types\/post"}],"author":[{"embeddable":true,"href":"https:\/\/pinews.com.br\/index.php\/wp-json\/wp\/v2\/users\/1"}],"replies":[{"embeddable":true,"href":"https:\/\/pinews.com.br\/index.php\/wp-json\/wp\/v2\/comments?post=15106"}],"version-history":[{"count":0,"href":"https:\/\/pinews.com.br\/index.php\/wp-json\/wp\/v2\/posts\/15106\/revisions"}],"wp:featuredmedia":[{"embeddable":true,"href":"https:\/\/pinews.com.br\/index.php\/wp-json\/"}],"wp:attachment":[{"href":"https:\/\/pinews.com.br\/index.php\/wp-json\/wp\/v2\/media?parent=15106"}],"wp:term":[{"taxonomy":"category","embeddable":true,"href":"https:\/\/pinews.com.br\/index.php\/wp-json\/wp\/v2\/categories?post=15106"},{"taxonomy":"post_tag","embeddable":true,"href":"https:\/\/pinews.com.br\/index.php\/wp-json\/wp\/v2\/tags?post=15106"}],"curies":[{"name":"wp","href":"https:\/\/api.w.org\/{rel}","templated":true}]}}