{"id":15236,"date":"2020-11-01T11:08:28","date_gmt":"2020-11-01T14:08:28","guid":{"rendered":"https:\/\/pinews.com.br\/?p=15236"},"modified":"2020-11-01T11:08:28","modified_gmt":"2020-11-01T14:08:28","slug":"jovem-e-morta-com-facada-pelas-costas-ex-marido-foi-preso-suspeito-do-crime","status":"publish","type":"post","link":"https:\/\/pinews.com.br\/index.php\/2020\/11\/01\/jovem-e-morta-com-facada-pelas-costas-ex-marido-foi-preso-suspeito-do-crime\/","title":{"rendered":"Jovem \u00e9 morta com facada pelas costas; ex-marido foi preso suspeito do crime"},"content":{"rendered":"\n<p>Uma jovem de 21 anos, identificada como Susana da Cunha Castro foi assassinada com diversas facadas, na manh\u00e3 deste s\u00e1bado(31) na zona rural de Corrente (a 900 km de Teresina). O suposto assassino foi preso em seguida e teria confessado o crime, ele era ex-companheiro de Susana, identificado com Gilvan Moura Guerra, 42 anos.&nbsp;<\/p>\n\n\n\n<p>De acordo com o delegado Yure Saulo, titular da Regional de Corrente, ele teria chegado \u00e0 resid\u00eancia dela e a golpeado pelas costas.&nbsp;&nbsp;<\/p>\n\n\n\n<p>\u201cA Susana estava dentro de sua resid\u00eancia, quando Gilvan chegou. A v\u00edtima estava sentada e foi golpeada primeiro nas costa, correu, foi perseguida, alcan\u00e7ada por Gilvan, e recebeu outros golpes de faca\u201d, informou o delegado.&nbsp;<\/p>\n\n\n\n<p>A v\u00edtima caiu morta \u00e0s margens da BR-135, poucos metros de sua resid\u00eancia na localidade Santa Marta. O casal teria convivido por tr\u00eas anos e estava h\u00e1 poucos dias separado.&nbsp;<\/p>\n\n\n\n<p>Gilvan foi preso h\u00e1 poucos metros do local do crime pela Pol\u00edcia Militar e encaminhado \u00e0 delegacia.&nbsp;<\/p>\n\n\n\n<p>\u201cO motivo ainda n\u00e3o ficou claro. Gilvan j\u00e1 foi denunciado pelo MP (Minist\u00e9rio P\u00fablico) por homic\u00eddio aqui mesmo em Corrente. Esse homic\u00eddio ocorreu em 2005\u201d, relatou o delegado, que comanda as investiga\u00e7\u00f5es do suposto feminic\u00eddio.&nbsp;<\/p>\n\n\n\n<p><br><strong>Fonte: Caroline Oliveira\/ Cidade Verde<\/strong> <\/p>\n","protected":false},"excerpt":{"rendered":"<p>Uma jovem de 21 anos, identificada como Susana da Cunha Castro foi assassinada com diversas facadas, na manh\u00e3 deste s\u00e1bado(31) na zona rural de Corrente (a 900 km de Teresina). O suposto assassino foi preso em seguida e teria confessado o crime, ele era ex-companheiro de Susana, identificado com Gilvan Moura Guerra, 42 anos.&nbsp; De [&hellip;]<\/p>\n","protected":false},"author":1,"featured_media":15237,"comment_status":"open","ping_status":"open","sticky":false,"template":"","format":"standard","meta":{"beyondwords_generate_audio":"","beyondwords_project_id":"","beyondwords_podcast_id":"","beyondwords_hash":"","beyondwords_error_message":"","beyondwords_disabled":"","publish_post_to_speechkit":"","speechkit_generate_audio":"","speechkit_project_id":"","speechkit_podcast_id":"","speechkit_hash":"","speechkit_error_message":"","speechkit_disabled":"","speechkit_access_key":"","speechkit_error":"","speechkit_info":"","speechkit_response":"","speechkit_retries":"","_speechkit_link":"","_speechkit_text":""},"categories":[51,78],"tags":[825,558,72,6381,1264,1066,266,481,6382,79,130],"jetpack_featured_media_url":"","_links":{"self":[{"href":"https:\/\/pinews.com.br\/index.php\/wp-json\/wp\/v2\/posts\/15236"}],"collection":[{"href":"https:\/\/pinews.com.br\/index.php\/wp-json\/wp\/v2\/posts"}],"about":[{"href":"https:\/\/pinews.com.br\/index.php\/wp-json\/wp\/v2\/types\/post"}],"author":[{"embeddable":true,"href":"https:\/\/pinews.com.br\/index.php\/wp-json\/wp\/v2\/users\/1"}],"replies":[{"embeddable":true,"href":"https:\/\/pinews.com.br\/index.php\/wp-json\/wp\/v2\/comments?post=15236"}],"version-history":[{"count":0,"href":"https:\/\/pinews.com.br\/index.php\/wp-json\/wp\/v2\/posts\/15236\/revisions"}],"wp:featuredmedia":[{"embeddable":true,"href":"https:\/\/pinews.com.br\/index.php\/wp-json\/"}],"wp:attachment":[{"href":"https:\/\/pinews.com.br\/index.php\/wp-json\/wp\/v2\/media?parent=15236"}],"wp:term":[{"taxonomy":"category","embeddable":true,"href":"https:\/\/pinews.com.br\/index.php\/wp-json\/wp\/v2\/categories?post=15236"},{"taxonomy":"post_tag","embeddable":true,"href":"https:\/\/pinews.com.br\/index.php\/wp-json\/wp\/v2\/tags?post=15236"}],"curies":[{"name":"wp","href":"https:\/\/api.w.org\/{rel}","templated":true}]}}