{"id":15362,"date":"2020-11-04T10:31:06","date_gmt":"2020-11-04T13:31:06","guid":{"rendered":"https:\/\/pinews.com.br\/?p=15362"},"modified":"2020-11-04T10:31:06","modified_gmt":"2020-11-04T13:31:06","slug":"rede-de-vigilancia-investiga-febre-do-nilo-no-piaui","status":"publish","type":"post","link":"https:\/\/pinews.com.br\/index.php\/2020\/11\/04\/rede-de-vigilancia-investiga-febre-do-nilo-no-piaui\/","title":{"rendered":"Rede de vigil\u00e2ncia investiga Febre do Nilo no Piau\u00ed"},"content":{"rendered":"\n<p>O Piau\u00ed est\u00e1 fazendo um levantamento sobre a presen\u00e7a da Febre do Nilo no Estado. Uma rede de vigil\u00e2ncia para investiga\u00e7\u00e3o do v\u00edrus transmissor da doen\u00e7a formada pela Secretaria de Sa\u00fade do Estado, Funda\u00e7\u00e3o Municipal de Sa\u00fade, Universidade Federal do Piau\u00ed e Ag\u00eancia de Defesa Agropecu\u00e1ria do Piau\u00ed fez um acompanhamento em quatro munic\u00edpios piauienses: \u00c1gua Branca, Lagoa Alegre, Amarante e Parna\u00edba. Desses, apenas Parna\u00edba n\u00e3o registrou casos de Febre do Nilo Ocidental em humanos.<\/p>\n\n\n\n<p>A extens\u00e3o dos casos da Febre do Nilo no Piau\u00ed tem alertado as autoridades de sa\u00fade. A preocupa\u00e7\u00e3o \u00e9 maior porque n\u00e3o se tem informa\u00e7\u00f5es sobre o mosquito transmissor e sobre o hospedeiro natural. Os profissionais da rede de vigil\u00e2ncia orientaram os moradores das comunidades sobre as formas de preven\u00e7\u00e3o e coletaram amostras de mosquitos e de sangue de equ\u00eddeos, encaminhadas para an\u00e1lise nas Universidades Federais do Piau\u00ed e de Minas Gerais.<\/p>\n\n\n\n<p>A Febre do Nilo Ocidental \u00e9 uma infec\u00e7\u00e3o viral transmitida pela picada de mosquitos infectados. A forma leve da doen\u00e7a apresenta sintomas como febre aguda, mal-estar, perda de peso acentuada, n\u00e1usea, v\u00f4mito, dor nos olhos, dor de cabe\u00e7a e dor nos m\u00fasculos. Em casos mais raros, pode levar \u00e1 morte.<\/p>\n\n\n\n<p><strong>Fonte: Cidade Verde<\/strong><\/p>\n","protected":false},"excerpt":{"rendered":"<p>O Piau\u00ed est\u00e1 fazendo um levantamento sobre a presen\u00e7a da Febre do Nilo no Estado. Uma rede de vigil\u00e2ncia para investiga\u00e7\u00e3o do v\u00edrus transmissor da doen\u00e7a formada pela Secretaria de Sa\u00fade do Estado, Funda\u00e7\u00e3o Municipal de Sa\u00fade, Universidade Federal do Piau\u00ed e Ag\u00eancia de Defesa Agropecu\u00e1ria do Piau\u00ed fez um acompanhamento em quatro munic\u00edpios piauienses: [&hellip;]<\/p>\n","protected":false},"author":1,"featured_media":15363,"comment_status":"open","ping_status":"open","sticky":false,"template":"","format":"standard","meta":{"beyondwords_generate_audio":"","beyondwords_project_id":"","beyondwords_podcast_id":"","beyondwords_hash":"","beyondwords_error_message":"","beyondwords_disabled":"","publish_post_to_speechkit":"","speechkit_generate_audio":"","speechkit_project_id":"","speechkit_podcast_id":"","speechkit_hash":"","speechkit_error_message":"","speechkit_disabled":"","speechkit_access_key":"","speechkit_error":"","speechkit_info":"","speechkit_response":"","speechkit_retries":"","_speechkit_link":"","_speechkit_text":""},"categories":[51,1288],"tags":[44,5651,821,5652,52,985,5354],"jetpack_featured_media_url":"","_links":{"self":[{"href":"https:\/\/pinews.com.br\/index.php\/wp-json\/wp\/v2\/posts\/15362"}],"collection":[{"href":"https:\/\/pinews.com.br\/index.php\/wp-json\/wp\/v2\/posts"}],"about":[{"href":"https:\/\/pinews.com.br\/index.php\/wp-json\/wp\/v2\/types\/post"}],"author":[{"embeddable":true,"href":"https:\/\/pinews.com.br\/index.php\/wp-json\/wp\/v2\/users\/1"}],"replies":[{"embeddable":true,"href":"https:\/\/pinews.com.br\/index.php\/wp-json\/wp\/v2\/comments?post=15362"}],"version-history":[{"count":0,"href":"https:\/\/pinews.com.br\/index.php\/wp-json\/wp\/v2\/posts\/15362\/revisions"}],"wp:featuredmedia":[{"embeddable":true,"href":"https:\/\/pinews.com.br\/index.php\/wp-json\/"}],"wp:attachment":[{"href":"https:\/\/pinews.com.br\/index.php\/wp-json\/wp\/v2\/media?parent=15362"}],"wp:term":[{"taxonomy":"category","embeddable":true,"href":"https:\/\/pinews.com.br\/index.php\/wp-json\/wp\/v2\/categories?post=15362"},{"taxonomy":"post_tag","embeddable":true,"href":"https:\/\/pinews.com.br\/index.php\/wp-json\/wp\/v2\/tags?post=15362"}],"curies":[{"name":"wp","href":"https:\/\/api.w.org\/{rel}","templated":true}]}}