{"id":15449,"date":"2020-11-06T17:24:50","date_gmt":"2020-11-06T20:24:50","guid":{"rendered":"https:\/\/pinews.com.br\/?p=15449"},"modified":"2020-11-06T17:24:50","modified_gmt":"2020-11-06T20:24:50","slug":"jovem-e-preso-e-adolescente-apreendido-suspeito-de-enterrar-jovem-morto-apos-elogiar-faccao-criminosa-no-piaui","status":"publish","type":"post","link":"https:\/\/pinews.com.br\/index.php\/2020\/11\/06\/jovem-e-preso-e-adolescente-apreendido-suspeito-de-enterrar-jovem-morto-apos-elogiar-faccao-criminosa-no-piaui\/","title":{"rendered":"Jovem \u00e9 preso e adolescente apreendido suspeito de enterrar jovem morto ap\u00f3s elogiar fac\u00e7\u00e3o criminosa no Piau\u00ed"},"content":{"rendered":"\n<p>Um jovem foi preso e um adolescente de 16 anos apreendido suspeitos de terem participado do sequestro e assassinato de Pedro Henrique de Alencar, de 20 anos, na manh\u00e3 de quinta-feira (5) em Alto Long\u00e1. Em depoimento, a dupla confessou que foram respons\u00e1veis por enterrar o corpo da v\u00edtima. Um homem foi preso em Teresina suspeito de participar do crime. A Pol\u00edcia Civil da cidade ainda busca prender mais um suspeito.<\/p>\n\n\n\n<p>Pedro Henrique foi raptado em 5 de outubro. Dias depois, dois v\u00eddeos em que ele aparecia sendo amea\u00e7ado foram compartilhados pelas redes sociais. O rapaz teria sido morto porque fez publica\u00e7\u00f5es em suas redes sociais em que elogiava uma fac\u00e7\u00e3o criminosa diferente da que alguns dos suspeitos fazem parte.<\/p>\n\n\n\n<figure class=\"wp-block-image\"><img decoding=\"async\" src=\"https:\/\/s2.glbimg.com\/bQmyv3I_wAkRLsRoc_PWo7fmgiQ=\/0x0:1280x719\/984x0\/smart\/filters:strip_icc()\/i.s3.glbimg.com\/v1\/AUTH_59edd422c0c84a879bd37670ae4f538a\/internal_photos\/bs\/2020\/f\/k\/jC5VIQRNakBoavx770eA\/arma.jpg\" alt=\"Arma encontrada com o suspeito de matar jovem que desapareceu ap\u00f3s elogiar fac\u00e7\u00e3o \u2014 Foto: Divulga\u00e7\u00e3o\/Pol\u00edcia Civil\"\/><figcaption>Arma encontrada com o suspeito de matar jovem que desapareceu ap\u00f3s elogiar fac\u00e7\u00e3o \u2014 Foto: Divulga\u00e7\u00e3o\/Pol\u00edcia Civil<\/figcaption><\/figure>\n\n\n\n<p>Segundo o delegado Paulo Greg\u00f3rio, da delegacia de Alto Long\u00e1, os dois suspeitos foram presos na cidade. Em depoimento, eles confessaram a participa\u00e7\u00e3o no crime e afirmaram que o tiro que matou Pedro Henrique teria sido disparado pelo homem que foi preso no dia 23 de outubro<\/p>\n\n\n\n<p>Ainda de acordo com o delegado Paulo Greg\u00f3rio, dois irm\u00e3os suspeitos de tamb\u00e9m participar do crime est\u00e3o sendo procurados.<\/p>\n\n\n\n<h2>Noite do crime<\/h2>\n\n\n\n<p>Em depoimento, os jovem e o adolescente disseram aos policiais que no&nbsp;dia do rapto, 5 de outubro,&nbsp;os cinco suspeitos estavam juntos em uma rua de Alto Long\u00e1 quando viram Pedro Henrique passar diante deles em uma motocicleta e decidiram rapt\u00e1-lo.&nbsp;O rapaz foi rendido e levado pelo grupo at\u00e9 um casebre constru\u00eddo numa parte afastada da cidade.<\/p>\n\n\n\n<p>Dentro do casebre, os suspeitos contaram que amea\u00e7aram Pedro Henrique por conta das fotos que ele teria postado em suas redes sociais, fazendo elogios \u00e0 fac\u00e7\u00e3o Primeiro Comando da Capital (PCC). Os suspeitos seriam membros da fac\u00e7\u00e3o rival Bonde dos 40.<\/p>\n\n\n\n<p>Nesse momento, teria sido gravado o primeiro v\u00eddeo&nbsp;<strong>(acima)<\/strong>, em que Pedro Henrique aparece sentado em uma cadeira enquanto o homem que filma avisa que ele \u201cest\u00e1 com a gente aqui\u201d, e que \u201caqui o 15 n\u00e3o tem vez\u201d, em refer\u00eancia \u00e0 fac\u00e7\u00e3o PCC, enquanto exibe um rev\u00f3lver.<\/p>\n\n\n\n<p>Segundo o depoimento dos suspeitos, depois do v\u00eddeo o rapaz foi agredido e levado para fora do casebre, onde foi amarrado num carrinho de m\u00e3o. Nesse momento foi gravado o segundo v\u00eddeo, em que Pedro Henrique aparece sendo amea\u00e7ando dentro do carrinho de m\u00e3o.<\/p>\n\n\n\n<blockquote class=\"wp-block-quote\"><p>\u201cEssa quebrada aqui de Alto Long\u00e1, o que \u00e9?\u201d. A v\u00edtima responde: \u201cTudo 40\u201d. O homem indaga: \u201cE por que voc\u00ea fica botando coisa de 15?\u201d, diz o homem que grava o v\u00eddeo.<\/p><\/blockquote>\n\n\n\n<p>Pedro Henrique teria sido assassinado logo depois do v\u00eddeo. Segundo os suspeitos, ele teria entrado em luta corporal com o rapaz que estava armado, mas foi dominado e&nbsp;morto com um tiro na cabe\u00e7a.<\/p>\n\n\n\n<p>Depois, dois dos suspeitos subiram na motocicleta em que a v\u00edtima estava e fugiram no sentido de Teresina, a 80 km de Alto Long\u00e1. Um deles foi preso no dia 24 de outubro na capital. Com ele, os policiais encontraram a arma utilizada para matar Pedro Henrique. O outro continua sendo procurado pela Pol\u00edcia.<\/p>\n\n\n\n<p>O adolescente e o jovem presos nesta quinta-feira (5) ficaram no local, respons\u00e1veis por enterrar o corpo da v\u00edtima. O corpo de Pedro Henrique foi localizado onze dias depois, em uma cova rasa na zona rural do munic\u00edpio.<\/p>\n\n\n\n<p><strong>Fonte: G1 PI <\/strong><\/p>\n","protected":false},"excerpt":{"rendered":"<p>Um jovem foi preso e um adolescente de 16 anos apreendido suspeitos de terem participado do sequestro e assassinato de Pedro Henrique de Alencar, de 20 anos, na manh\u00e3 de quinta-feira (5) em Alto Long\u00e1. Em depoimento, a dupla confessou que foram respons\u00e1veis por enterrar o corpo da v\u00edtima. Um homem foi preso em Teresina [&hellip;]<\/p>\n","protected":false},"author":1,"featured_media":15450,"comment_status":"open","ping_status":"open","sticky":false,"template":"","format":"standard","meta":{"beyondwords_generate_audio":"","beyondwords_project_id":"","beyondwords_podcast_id":"","beyondwords_hash":"","beyondwords_error_message":"","beyondwords_disabled":"","publish_post_to_speechkit":"","speechkit_generate_audio":"","speechkit_project_id":"","speechkit_podcast_id":"","speechkit_hash":"","speechkit_error_message":"","speechkit_disabled":"","speechkit_access_key":"","speechkit_error":"","speechkit_info":"","speechkit_response":"","speechkit_retries":"","_speechkit_link":"","_speechkit_text":""},"categories":[51,78],"tags":[177,70,1117,616,44,72,5313,6472,617,266,197,52,79,130],"jetpack_featured_media_url":"","_links":{"self":[{"href":"https:\/\/pinews.com.br\/index.php\/wp-json\/wp\/v2\/posts\/15449"}],"collection":[{"href":"https:\/\/pinews.com.br\/index.php\/wp-json\/wp\/v2\/posts"}],"about":[{"href":"https:\/\/pinews.com.br\/index.php\/wp-json\/wp\/v2\/types\/post"}],"author":[{"embeddable":true,"href":"https:\/\/pinews.com.br\/index.php\/wp-json\/wp\/v2\/users\/1"}],"replies":[{"embeddable":true,"href":"https:\/\/pinews.com.br\/index.php\/wp-json\/wp\/v2\/comments?post=15449"}],"version-history":[{"count":0,"href":"https:\/\/pinews.com.br\/index.php\/wp-json\/wp\/v2\/posts\/15449\/revisions"}],"wp:featuredmedia":[{"embeddable":true,"href":"https:\/\/pinews.com.br\/index.php\/wp-json\/"}],"wp:attachment":[{"href":"https:\/\/pinews.com.br\/index.php\/wp-json\/wp\/v2\/media?parent=15449"}],"wp:term":[{"taxonomy":"category","embeddable":true,"href":"https:\/\/pinews.com.br\/index.php\/wp-json\/wp\/v2\/categories?post=15449"},{"taxonomy":"post_tag","embeddable":true,"href":"https:\/\/pinews.com.br\/index.php\/wp-json\/wp\/v2\/tags?post=15449"}],"curies":[{"name":"wp","href":"https:\/\/api.w.org\/{rel}","templated":true}]}}