{"id":15491,"date":"2020-11-08T11:35:59","date_gmt":"2020-11-08T14:35:59","guid":{"rendered":"https:\/\/pinews.com.br\/?p=15491"},"modified":"2020-11-08T11:35:59","modified_gmt":"2020-11-08T14:35:59","slug":"vereador-e-conduzido-a-delegacia-acusado-de-tentar-atropelar-prefeito-no-piaui","status":"publish","type":"post","link":"https:\/\/pinews.com.br\/index.php\/2020\/11\/08\/vereador-e-conduzido-a-delegacia-acusado-de-tentar-atropelar-prefeito-no-piaui\/","title":{"rendered":"Vereador \u00e9 conduzido \u00e0 delegacia acusado de tentar atropelar prefeito no Piau\u00ed"},"content":{"rendered":"\n<p>A Pol\u00edcia Militar de \u00c1gua Branca conduziu o vereador do munic\u00edpio de Jardim do Mulato, conhecido como Diego (MDB), \u00e0 delegacia ap\u00f3s o parlamentar ser acusado de tentar atropelar o prefeito da cidade, Airton Veloso (PT). Diego \u00e9 oposi\u00e7\u00e3o \u00e0 administra\u00e7\u00e3o do prefeito.<\/p>\n\n\n\n<p>De acordo com informa\u00e7\u00f5es do coronel Cordeiro da Pol\u00edcia Militar de \u00c1gua Branca, o vereador Diego al\u00e9m de tentar atropelar o prefeito, teria feito disparos com arma de fogo em via p\u00fablica. O parlamentar \u00e9 agente da Pol\u00edcia Civil do Estado de Pernambuco, foi levado para a delegacia, mas logo foi liberado.<\/p>\n\n\n\n<p>Ap\u00f3s o epis\u00f3dio, o prefeito Airton Veloso refor\u00e7ou a seguran\u00e7a pessoal. \u201cEle tentou atropelar n\u00e3o s\u00f3 a mim, mas a outras pessoas tamb\u00e9m. Estava com molecagem no meio da rua e atirou na estrada na comunidade Inhuma. Logo acionamos a Pol\u00edcia Militar que tomou as provid\u00eancias\u201d, disse.<\/p>\n\n\n\n<p>Devido o clima tenso de disputa pol\u00edticas em alguns munic\u00edpios do Piau\u00ed, o Tribunal Superior Eleitoral (TSE) liberou o envio de tropas federais para conter viol\u00eancia em 171 cidades.<\/p>\n\n\n\n<p>A reportagem n\u00e3o conseguiu entrar em contato com o vereador Diego. O espa\u00e7o continua aberto para esclarecimentos.<\/p>\n\n\n\n<p><strong>Fonte: L\u00eddia Brito\/ Cidade Verde <\/strong><\/p>\n","protected":false},"excerpt":{"rendered":"<p>A Pol\u00edcia Militar de \u00c1gua Branca conduziu o vereador do munic\u00edpio de Jardim do Mulato, conhecido como Diego (MDB), \u00e0 delegacia ap\u00f3s o parlamentar ser acusado de tentar atropelar o prefeito da cidade, Airton Veloso (PT). Diego \u00e9 oposi\u00e7\u00e3o \u00e0 administra\u00e7\u00e3o do prefeito. De acordo com informa\u00e7\u00f5es do coronel Cordeiro da Pol\u00edcia Militar de \u00c1gua [&hellip;]<\/p>\n","protected":false},"author":1,"featured_media":15492,"comment_status":"open","ping_status":"open","sticky":false,"template":"","format":"standard","meta":{"beyondwords_generate_audio":"","beyondwords_project_id":"","beyondwords_podcast_id":"","beyondwords_hash":"","beyondwords_error_message":"","beyondwords_disabled":"","publish_post_to_speechkit":"","speechkit_generate_audio":"","speechkit_project_id":"","speechkit_podcast_id":"","speechkit_hash":"","speechkit_error_message":"","speechkit_disabled":"","speechkit_access_key":"","speechkit_error":"","speechkit_info":"","speechkit_response":"","speechkit_retries":"","_speechkit_link":"","_speechkit_text":""},"categories":[51,78],"tags":[794,1273,637,6493,44,1088,72,52,889,475,234],"jetpack_featured_media_url":"","_links":{"self":[{"href":"https:\/\/pinews.com.br\/index.php\/wp-json\/wp\/v2\/posts\/15491"}],"collection":[{"href":"https:\/\/pinews.com.br\/index.php\/wp-json\/wp\/v2\/posts"}],"about":[{"href":"https:\/\/pinews.com.br\/index.php\/wp-json\/wp\/v2\/types\/post"}],"author":[{"embeddable":true,"href":"https:\/\/pinews.com.br\/index.php\/wp-json\/wp\/v2\/users\/1"}],"replies":[{"embeddable":true,"href":"https:\/\/pinews.com.br\/index.php\/wp-json\/wp\/v2\/comments?post=15491"}],"version-history":[{"count":0,"href":"https:\/\/pinews.com.br\/index.php\/wp-json\/wp\/v2\/posts\/15491\/revisions"}],"wp:featuredmedia":[{"embeddable":true,"href":"https:\/\/pinews.com.br\/index.php\/wp-json\/"}],"wp:attachment":[{"href":"https:\/\/pinews.com.br\/index.php\/wp-json\/wp\/v2\/media?parent=15491"}],"wp:term":[{"taxonomy":"category","embeddable":true,"href":"https:\/\/pinews.com.br\/index.php\/wp-json\/wp\/v2\/categories?post=15491"},{"taxonomy":"post_tag","embeddable":true,"href":"https:\/\/pinews.com.br\/index.php\/wp-json\/wp\/v2\/tags?post=15491"}],"curies":[{"name":"wp","href":"https:\/\/api.w.org\/{rel}","templated":true}]}}