{"id":15600,"date":"2020-11-11T18:53:01","date_gmt":"2020-11-11T21:53:01","guid":{"rendered":"https:\/\/pinews.com.br\/?p=15600"},"modified":"2020-11-11T18:53:01","modified_gmt":"2020-11-11T21:53:01","slug":"cineasta-cadu-barcellos-e-assassinado-no-rio-de-janeiro","status":"publish","type":"post","link":"https:\/\/pinews.com.br\/index.php\/2020\/11\/11\/cineasta-cadu-barcellos-e-assassinado-no-rio-de-janeiro\/","title":{"rendered":"Cineasta Cadu Barcellos \u00e9 assassinado no Rio de Janeiro"},"content":{"rendered":"\n<p>O cineasta Cadu Barcellos foi assassinado a facadas na madrugada desta quarta-feira (11\/11), no Rio de Janeiro. Cadu tinha 34 anos e deixa um filho de 2 anos, al\u00e9m da esposa.<\/p>\n\n\n\n<p>Segundo o site&nbsp;<em>G1<\/em>, o cineasta foi atacado no centro do Rio, na Avenida Presidente Vargas, por volta das 3h30. Cadu chegou a pedir socorro, mas n\u00e3o foi ouvido, caminhou alguns metros e caiu, j\u00e1 sem vida.<\/p>\n\n\n\n<h3>Obra<\/h3>\n\n\n\n<p>Cadu Barcellos foi um dos diretores do longa documental&nbsp;<em>Cinco vezes favela \u2013 Agora por n\u00f3s mesmos<\/em>&nbsp;(2010), que chegou a participar da sele\u00e7\u00e3o oficial do Festival de Cannes. O filme \u00e9 dividido em esp\u00e9cies de epis\u00f3dios. A Cadu coube o intitulado&nbsp;<em>Deixa voar<\/em>. A pegada social do trabalho de Cadu tamb\u00e9m aparece na s\u00e9rie&nbsp;<em>Mais x favela<\/em>&nbsp;(2011), do Multishow, e o document\u00e1rio&nbsp;<em>5x pacifica\u00e7\u00e3o<\/em>&nbsp;(2012).<\/p>\n\n\n\n<p>Atualmente, era assistente de dire\u00e7\u00e3o no Porta dos Fundos e no programa Greg News, na HBO.<\/p>\n\n\n\n<p>Nas redes sociais, seguidores lamentaram a morte de Cadu comentando na \u00faltima postagem dele. Nas mensagens, pedidos de Justi\u00e7a e por paz dividiram espa\u00e7o com desejos de que o cineasta descanse em paz.<\/p>\n\n\n\n<p><strong>Fonte: Correio Braziliense<\/strong><\/p>\n","protected":false},"excerpt":{"rendered":"<p>O cineasta Cadu Barcellos foi assassinado a facadas na madrugada desta quarta-feira (11\/11), no Rio de Janeiro. Cadu tinha 34 anos e deixa um filho de 2 anos, al\u00e9m da esposa. Segundo o site&nbsp;G1, o cineasta foi atacado no centro do Rio, na Avenida Presidente Vargas, por volta das 3h30. Cadu chegou a pedir socorro, [&hellip;]<\/p>\n","protected":false},"author":1,"featured_media":15601,"comment_status":"open","ping_status":"open","sticky":false,"template":"","format":"standard","meta":{"beyondwords_generate_audio":"","beyondwords_project_id":"","beyondwords_podcast_id":"","beyondwords_hash":"","beyondwords_error_message":"","beyondwords_disabled":"","publish_post_to_speechkit":"","speechkit_generate_audio":"","speechkit_project_id":"","speechkit_podcast_id":"","speechkit_hash":"","speechkit_error_message":"","speechkit_disabled":"","speechkit_access_key":"","speechkit_error":"","speechkit_info":"","speechkit_response":"","speechkit_retries":"","_speechkit_link":"","_speechkit_text":""},"categories":[134,78],"tags":[364,6532,6533,6534,44,72,1787,407],"jetpack_featured_media_url":"","_links":{"self":[{"href":"https:\/\/pinews.com.br\/index.php\/wp-json\/wp\/v2\/posts\/15600"}],"collection":[{"href":"https:\/\/pinews.com.br\/index.php\/wp-json\/wp\/v2\/posts"}],"about":[{"href":"https:\/\/pinews.com.br\/index.php\/wp-json\/wp\/v2\/types\/post"}],"author":[{"embeddable":true,"href":"https:\/\/pinews.com.br\/index.php\/wp-json\/wp\/v2\/users\/1"}],"replies":[{"embeddable":true,"href":"https:\/\/pinews.com.br\/index.php\/wp-json\/wp\/v2\/comments?post=15600"}],"version-history":[{"count":0,"href":"https:\/\/pinews.com.br\/index.php\/wp-json\/wp\/v2\/posts\/15600\/revisions"}],"wp:featuredmedia":[{"embeddable":true,"href":"https:\/\/pinews.com.br\/index.php\/wp-json\/"}],"wp:attachment":[{"href":"https:\/\/pinews.com.br\/index.php\/wp-json\/wp\/v2\/media?parent=15600"}],"wp:term":[{"taxonomy":"category","embeddable":true,"href":"https:\/\/pinews.com.br\/index.php\/wp-json\/wp\/v2\/categories?post=15600"},{"taxonomy":"post_tag","embeddable":true,"href":"https:\/\/pinews.com.br\/index.php\/wp-json\/wp\/v2\/tags?post=15600"}],"curies":[{"name":"wp","href":"https:\/\/api.w.org\/{rel}","templated":true}]}}