{"id":15638,"date":"2020-11-12T18:55:04","date_gmt":"2020-11-12T21:55:04","guid":{"rendered":"https:\/\/pinews.com.br\/?p=15638"},"modified":"2020-11-12T18:55:04","modified_gmt":"2020-11-12T21:55:04","slug":"ibge-pobreza-atinge-14-milhao-de-pessoas-no-piaui-e-renda-chega-a-r-55-por-dia","status":"publish","type":"post","link":"https:\/\/pinews.com.br\/index.php\/2020\/11\/12\/ibge-pobreza-atinge-14-milhao-de-pessoas-no-piaui-e-renda-chega-a-r-55-por-dia\/","title":{"rendered":"IBGE: Pobreza atinge 1,4 milh\u00e3o de pessoas no Piau\u00ed e renda chega a R$ 5,5 por dia"},"content":{"rendered":"\n<p>No Piau\u00ed, 248 mil pessoas sobrevivem com at\u00e9 R$ 89 mensais e um contingente de 1,4 milh\u00e3o \u2013 dos 3 milh\u00f5es de habitantes \u2013 vive na condi\u00e7\u00e3o de pobreza no estado. Os dados, nada animadores, foram divulgados nesta quinta-feira (12) pelo Instituto Brasileiro de Geografia e Estat\u00edstica (IBGE) e foram compilados na S\u00edntese de Indicadores Sociais de 2019.<\/p>\n\n\n\n<p>De acordo com o IBGE, o \u00edndice de pobreza no Piau\u00ed sofreu aumento entre 2018 e 2019, voltando ao mesmo patamar verificado em 2016. S\u00e3o 1,4 milh\u00e3o de pessoas vivendo com menos de R$ 436 mensais, ou US$ 5,5 por dia (equivalente a R$ 25), conforme os par\u00e2metros do Banco Mundial para definir a condi\u00e7\u00e3o de pobreza. Isso equivale a quase metade da popula\u00e7\u00e3o do estado (43,4%), de acordo com a S\u00edntese dos Indicadores Sociais do IBGE.<\/p>\n\n\n\n<p>De acordo com a S\u00edntese dos Indicadores Sociais do IBGE, cerca de 7,6% da popula\u00e7\u00e3o do Piau\u00ed vivia com rendimento domiciliar per capita de at\u00e9 R$ 89 em 2019. E o percentual est\u00e1 em crescimento desde 2015, ap\u00f3s sucessivas quedas ocorridas entre 2012 e 2014.<\/p>\n\n\n\n<p>A pesquisa traz dados sobre rendimento, trabalho e educa\u00e7\u00e3o, buscando contemplar a heterogeneidade brasileira sob a perspectiva das desigualdades sociais.<\/p>\n\n\n\n<p>A din\u00e2mica observada no Piau\u00ed segue a mesma tend\u00eancia do Brasil. Segundo a pesquisa, cerca de 3,1% da popula\u00e7\u00e3o brasileira tinha rendimento domiciliar per capita mensal de at\u00e9 R$ 89, percentual que chegou ao menor patamar em 2014 (2,3%). Tendo sucessivos aumentos desde 2015, cerca de 4,1% da popula\u00e7\u00e3o do pa\u00eds estava nessa situa\u00e7\u00e3o em 2019.<\/p>\n\n\n\n<p>Apesar da alta propor\u00e7\u00e3o verificada para o Piau\u00ed em 2019 (7,6%), o valor ainda se mant\u00e9m menor que a m\u00e9dia da regi\u00e3o Nordeste (8,3%). Tamb\u00e9m \u00e9 poss\u00edvel observar movimenta\u00e7\u00e3o semelhante para o Nordeste, cujo percentual caiu de 6% em 2012 para 4,3% em 2014. Com os constantes aumentos, o percentual alcan\u00e7ou o maior valor da s\u00e9rie hist\u00f3rica em 2019.<\/p>\n\n\n\n<p><strong>Pobreza no Brasil<\/strong><\/p>\n\n\n\n<p>&nbsp;Aqueles em condi\u00e7\u00e3o de pobreza no Brasil, que t\u00eam renda domiciliar per capita inferior a R$ 436 mensais, s\u00e3o 51,7 milh\u00f5es de pessoas. Isso equivale a 24,7% da popula\u00e7\u00e3o brasileira, \u00edndice que \u00e9 bastante inferior ao constatado no Piau\u00ed (43,4%).<\/p>\n\n\n\n<p>Quanto ao \u00edndice de pobreza, o Piau\u00ed tamb\u00e9m ocupa a quinta maior posi\u00e7\u00e3o entre os estados do Brasil. Com percentuais superiores est\u00e3o apenas Maranh\u00e3o (52,2%), Amazonas (47,4%), Alagoas (47,2%) e Par\u00e1 (44,3%). J\u00e1 a menor taxa de pessoas em situa\u00e7\u00e3o de pobreza \u00e9 do estado de Santa Catarina (7,5%).<\/p>\n\n\n\n<p><strong>Extrema pobreza&nbsp;<\/strong><\/p>\n\n\n\n<p>Em 2019, aproximadamente 457 mil pessoas estavam em situa\u00e7\u00e3o de extrema pobreza no Piau\u00ed, de acordo com o IBGE. Isso significa que 14% da popula\u00e7\u00e3o do estado vivia com rendimento domiciliar per capita mensal inferior a R$ 151, ou R$ 5,5por dia.<\/p>\n\n\n\n<p><strong>Fonte: Cidade Verde<\/strong><\/p>\n","protected":false},"excerpt":{"rendered":"<p>No Piau\u00ed, 248 mil pessoas sobrevivem com at\u00e9 R$ 89 mensais e um contingente de 1,4 milh\u00e3o \u2013 dos 3 milh\u00f5es de habitantes \u2013 vive na condi\u00e7\u00e3o de pobreza no estado. Os dados, nada animadores, foram divulgados nesta quinta-feira (12) pelo Instituto Brasileiro de Geografia e Estat\u00edstica (IBGE) e foram compilados na S\u00edntese de Indicadores [&hellip;]<\/p>\n","protected":false},"author":1,"featured_media":15639,"comment_status":"open","ping_status":"open","sticky":false,"template":"","format":"standard","meta":{"beyondwords_generate_audio":"","beyondwords_project_id":"","beyondwords_podcast_id":"","beyondwords_hash":"","beyondwords_error_message":"","beyondwords_disabled":"","publish_post_to_speechkit":"","speechkit_generate_audio":"","speechkit_project_id":"","speechkit_podcast_id":"","speechkit_hash":"","speechkit_error_message":"","speechkit_disabled":"","speechkit_access_key":"","speechkit_error":"","speechkit_info":"","speechkit_response":"","speechkit_retries":"","_speechkit_link":"","_speechkit_text":""},"categories":[516,51],"tags":[827,6549,372,1781,44,515,1235,77,259,52,6550,59,1031],"jetpack_featured_media_url":"","_links":{"self":[{"href":"https:\/\/pinews.com.br\/index.php\/wp-json\/wp\/v2\/posts\/15638"}],"collection":[{"href":"https:\/\/pinews.com.br\/index.php\/wp-json\/wp\/v2\/posts"}],"about":[{"href":"https:\/\/pinews.com.br\/index.php\/wp-json\/wp\/v2\/types\/post"}],"author":[{"embeddable":true,"href":"https:\/\/pinews.com.br\/index.php\/wp-json\/wp\/v2\/users\/1"}],"replies":[{"embeddable":true,"href":"https:\/\/pinews.com.br\/index.php\/wp-json\/wp\/v2\/comments?post=15638"}],"version-history":[{"count":0,"href":"https:\/\/pinews.com.br\/index.php\/wp-json\/wp\/v2\/posts\/15638\/revisions"}],"wp:featuredmedia":[{"embeddable":true,"href":"https:\/\/pinews.com.br\/index.php\/wp-json\/"}],"wp:attachment":[{"href":"https:\/\/pinews.com.br\/index.php\/wp-json\/wp\/v2\/media?parent=15638"}],"wp:term":[{"taxonomy":"category","embeddable":true,"href":"https:\/\/pinews.com.br\/index.php\/wp-json\/wp\/v2\/categories?post=15638"},{"taxonomy":"post_tag","embeddable":true,"href":"https:\/\/pinews.com.br\/index.php\/wp-json\/wp\/v2\/tags?post=15638"}],"curies":[{"name":"wp","href":"https:\/\/api.w.org\/{rel}","templated":true}]}}