{"id":15698,"date":"2020-11-14T11:46:02","date_gmt":"2020-11-14T14:46:02","guid":{"rendered":"https:\/\/pinews.com.br\/?p=15698"},"modified":"2020-11-14T11:46:02","modified_gmt":"2020-11-14T14:46:02","slug":"carro-da-adapi-e-apreendido-com-material-de-campanha-eleitoral-no-piaui","status":"publish","type":"post","link":"https:\/\/pinews.com.br\/index.php\/2020\/11\/14\/carro-da-adapi-e-apreendido-com-material-de-campanha-eleitoral-no-piaui\/","title":{"rendered":"Carro da Adapi \u00e9 apreendido com material de campanha eleitoral no Piau\u00ed"},"content":{"rendered":"\n<p>Um carro da Ag\u00eancia de Defesa Agropecu\u00e1ria do Piau\u00ed (Adapi) foi apreendido com material de campanha eleitoral na tarde desta sexta-feira (13), em&nbsp;Itaueira, a 340 km de&nbsp;Teresina.&nbsp;Procurado pelo&nbsp;G1, o \u00f3rg\u00e3o ainda n\u00e3o se posicionou sobre o caso.<\/p>\n\n\n\n<p>O ve\u00edculo foi abordado pela Pol\u00edcia Militar, que recebeu uma den\u00fancia referente ao transporte do material atrav\u00e9s do Minist\u00e9rio P\u00fablico do Piau\u00ed.<\/p>\n\n\n\n<p>\u201cO motorista n\u00e3o estava com a carteira de habilita\u00e7\u00e3o no momento e afirmou que n\u00e3o possu\u00eda liga\u00e7\u00e3o com a Adapi. No carro, que \u00e9 tombado com a identifica\u00e7\u00e3o do \u00f3rg\u00e3o, foram encontrados 12 adesivos redondos e alguns santinhos\u201d, informou o promotor de justi\u00e7a Francisco Santiago J\u00fanior, do MPPI.<\/p>\n\n\n\n<p>O condutor alegou, segundo o promotor, que n\u00e3o tinha conhecimento do material. \u201cEle disse que foi fazer um favor, que ia deixar uma pessoa em uma localidade e que n\u00e3o sabia que o material estava no carro\u201d, afirmou Francisco.<\/p>\n\n\n\n<p>O motorista foi conduzido para a Delegacia de Pol\u00edcia Civil do munic\u00edpio. Ap\u00f3s os procedimentos legais, o caso ser\u00e1 apurado pelo MP.<\/p>\n\n\n\n<p><strong>Fonte: G1 PI <\/strong><\/p>\n","protected":false},"excerpt":{"rendered":"<p>Um carro da Ag\u00eancia de Defesa Agropecu\u00e1ria do Piau\u00ed (Adapi) foi apreendido com material de campanha eleitoral na tarde desta sexta-feira (13), em&nbsp;Itaueira, a 340 km de&nbsp;Teresina.&nbsp;Procurado pelo&nbsp;G1, o \u00f3rg\u00e3o ainda n\u00e3o se posicionou sobre o caso. O ve\u00edculo foi abordado pela Pol\u00edcia Militar, que recebeu uma den\u00fancia referente ao transporte do material atrav\u00e9s do [&hellip;]<\/p>\n","protected":false},"author":1,"featured_media":15699,"comment_status":"open","ping_status":"open","sticky":false,"template":"","format":"standard","meta":{"beyondwords_generate_audio":"","beyondwords_project_id":"","beyondwords_podcast_id":"","beyondwords_hash":"","beyondwords_error_message":"","beyondwords_disabled":"","publish_post_to_speechkit":"","speechkit_generate_audio":"","speechkit_project_id":"","speechkit_podcast_id":"","speechkit_hash":"","speechkit_error_message":"","speechkit_disabled":"","speechkit_access_key":"","speechkit_error":"","speechkit_info":"","speechkit_response":"","speechkit_retries":"","_speechkit_link":"","_speechkit_text":""},"categories":[51,78],"tags":[6574,1117,574,62,122,44,72,5723,6148,52],"jetpack_featured_media_url":"","_links":{"self":[{"href":"https:\/\/pinews.com.br\/index.php\/wp-json\/wp\/v2\/posts\/15698"}],"collection":[{"href":"https:\/\/pinews.com.br\/index.php\/wp-json\/wp\/v2\/posts"}],"about":[{"href":"https:\/\/pinews.com.br\/index.php\/wp-json\/wp\/v2\/types\/post"}],"author":[{"embeddable":true,"href":"https:\/\/pinews.com.br\/index.php\/wp-json\/wp\/v2\/users\/1"}],"replies":[{"embeddable":true,"href":"https:\/\/pinews.com.br\/index.php\/wp-json\/wp\/v2\/comments?post=15698"}],"version-history":[{"count":0,"href":"https:\/\/pinews.com.br\/index.php\/wp-json\/wp\/v2\/posts\/15698\/revisions"}],"wp:featuredmedia":[{"embeddable":true,"href":"https:\/\/pinews.com.br\/index.php\/wp-json\/"}],"wp:attachment":[{"href":"https:\/\/pinews.com.br\/index.php\/wp-json\/wp\/v2\/media?parent=15698"}],"wp:term":[{"taxonomy":"category","embeddable":true,"href":"https:\/\/pinews.com.br\/index.php\/wp-json\/wp\/v2\/categories?post=15698"},{"taxonomy":"post_tag","embeddable":true,"href":"https:\/\/pinews.com.br\/index.php\/wp-json\/wp\/v2\/tags?post=15698"}],"curies":[{"name":"wp","href":"https:\/\/api.w.org\/{rel}","templated":true}]}}