{"id":15728,"date":"2020-11-15T12:14:52","date_gmt":"2020-11-15T15:14:52","guid":{"rendered":"https:\/\/pinews.com.br\/?p=15728"},"modified":"2020-11-15T12:14:52","modified_gmt":"2020-11-15T15:14:52","slug":"menina-de-5-anos-prende-a-cabeca-em-panela-de-pressao-e-e-salva-por-bombeiros-no-piaui-queria-ser-cozinheira","status":"publish","type":"post","link":"https:\/\/pinews.com.br\/index.php\/2020\/11\/15\/menina-de-5-anos-prende-a-cabeca-em-panela-de-pressao-e-e-salva-por-bombeiros-no-piaui-queria-ser-cozinheira\/","title":{"rendered":"Menina de 5 anos prende a cabe\u00e7a em panela de press\u00e3o e \u00e9 salva por bombeiros no Piau\u00ed: \u2018queria ser cozinheira\u2019"},"content":{"rendered":"\n<p>Uma menina de 5 anos prendeu a cabe\u00e7a em uma panela de press\u00e3o enquanto brincava na casa da av\u00f3 em Naz\u00e1ria, no Piau\u00ed. O caso ocorreu no dia 6 de novembro, mas s\u00f3 ganhou repercuss\u00e3o neste fim de semana ap\u00f3s a m\u00e3e da crian\u00e7a publicar nas redes sociais os v\u00eddeos da filha sendo socorrida pelo Corpo de Bombeiros em Teresina.<\/p>\n\n\n\n<p>A m\u00e3e de Anna Luiza, Joelma Lima, contou que a crian\u00e7a estava brincando de cozinheira no quintal e bastou um descuido da av\u00f3 para a menina prender a cabe\u00e7a na panela.<\/p>\n\n\n\n<p>\u201cFicou combinado que quando eu voltasse do Centro, iria passar na casa da minha m\u00e3e para buscar a Anna. S\u00f3 que no caminho, eu recebi um \u00e1udio falando que ela estava com a panela na cabe\u00e7a. Quando cheguei l\u00e1, a av\u00f3 e a madrinha da Anna estavam puxando a cabe\u00e7a dela, enquanto a minha filha nervosa e chorando\u201d, contou.<\/p>\n\n\n\n<div class=\"wp-block-image\"><figure class=\"aligncenter\"><img decoding=\"async\" src=\"https:\/\/s2.glbimg.com\/V8NYOqfu_O6TMdVprskodl6BNNM=\/0x45:562x772\/984x0\/smart\/filters:strip_icc()\/i.s3.glbimg.com\/v1\/AUTH_59edd422c0c84a879bd37670ae4f538a\/internal_photos\/bs\/2020\/B\/B\/FmFTdgRvitB4num6IjTQ\/captura-de-tela-2020-11-14-as-18.55.36.jpg\" alt=\"M\u00e3e decidiu levar na esportiva a situa\u00e7\u00e3o da filha e gravou todo o socorro \u2014 Foto: Arquivo Pessoal\/Joelma Lima\"\/><figcaption>M\u00e3e decidiu levar na esportiva a situa\u00e7\u00e3o da filha e gravou todo o socorro \u2014 Foto: Arquivo Pessoal\/Joelma Lima<\/figcaption><\/figure><\/div>\n\n\n\n<p>Joelma Lima explicou que preferiu n\u00e3o ficar nervosa com a situa\u00e7\u00e3o e pegou o celular para gravar a saga para retirar a panela da cabe\u00e7a de Anna. Da casa da minha m\u00e3e peguei um motorista por aplicativo at\u00e9 em casa, no Portal da Alegria, em Teresina.<\/p>\n\n\n\n<p>\u201cTrouxe ela para casa, daqui eu liguei para o 192 e me mandaram ir para a UPA do Promorar. Peguei outra corrida, desta vez, a Anna estava menos estressada e eu gravei o v\u00eddeo dela falando como tudo aconteceu\u201d, disse a m\u00e3e.<\/p>\n\n\n\n<p>No v\u00eddeo, Anna Luiza contou que queria fingir que era uma cozinheira e por isso colocou a panela na cabe\u00e7a.<\/p>\n\n\n\n<p>Na Unidade de Pronto Atendimento (UPA), a m\u00e9dica plantonista n\u00e3o conseguiu analisar a situa\u00e7\u00e3o, porque Anna reclamava de dor de cabe\u00e7a. A profissional recomendou que a crian\u00e7a fosse socorrida pelos bombeiros, que teriam mais t\u00e9cnicas e equipamentos para retirar a panela da cabe\u00e7a da crian\u00e7a.<\/p>\n\n\n\n<p>\u201cGente, eu engajei essa panela na minha cabe\u00e7a e agora vou ter que ir ao Bombeiro para tirar ela. Eu coloquei, mas depois a panela engajou na minha cabe\u00e7a. Eu queria brincar de cozinheira\u201d, contou Anna Luiza.<\/p>\n\n\n\n<div class=\"wp-block-image\"><figure class=\"aligncenter\"><img decoding=\"async\" src=\"https:\/\/s2.glbimg.com\/ADfLTFE4mIWZPQPdHieGgzEEzTc=\/0x0:581x582\/984x0\/smart\/filters:strip_icc()\/i.s3.glbimg.com\/v1\/AUTH_59edd422c0c84a879bd37670ae4f538a\/internal_photos\/bs\/2020\/a\/9\/9NU6PATk2I6CBfLDRxeA\/captura-de-tela-2020-11-14-as-19.08.33.jpg\" alt=\"Anna Luiza com os bombeiros que atenderam a ocorr\u00eancia em Teresina \u2014 Foto: Arquivo Pessoal\/Joelma Lima\"\/><figcaption>Anna Luiza com os bombeiros que atenderam a ocorr\u00eancia em Teresina \u2014 Foto: Arquivo Pessoal\/Joelma Lima<\/figcaption><\/figure><\/div>\n\n\n\n<p>No Corpo de Bombeiros, Anna foi atendida por cinco oficiais que conseguiram retirar a panela em menos de um minuto. A m\u00e3e revelou que a filha \u00e9 muito criativa, gosta de fazer trollagem, dan\u00e7ar, fazer v\u00eddeo no Tik Tok e que levaram toda a situa\u00e7\u00e3o na esportiva.<\/p>\n\n\n\n<p>\u201cQuando retirou ela ficou rindo e falou que iria colocar de novo. A Anna n\u00e3o teve ferimentos, mas passou uns tr\u00eas dias com a testa doendo. Os bombeiros nos trataram muito bem e tiraram fotos com ela, que ficou muito feliz com o socorro\u201d, contou a m\u00e3e de Anna.<\/p>\n\n\n\n<p><strong>Fonte: G1 PI<\/strong><\/p>\n","protected":false},"excerpt":{"rendered":"<p>Uma menina de 5 anos prendeu a cabe\u00e7a em uma panela de press\u00e3o enquanto brincava na casa da av\u00f3 em Naz\u00e1ria, no Piau\u00ed. O caso ocorreu no dia 6 de novembro, mas s\u00f3 ganhou repercuss\u00e3o neste fim de semana ap\u00f3s a m\u00e3e da crian\u00e7a publicar nas redes sociais os v\u00eddeos da filha sendo socorrida pelo [&hellip;]<\/p>\n","protected":false},"author":1,"featured_media":15729,"comment_status":"open","ping_status":"open","sticky":false,"template":"","format":"standard","meta":{"beyondwords_generate_audio":"","beyondwords_project_id":"","beyondwords_podcast_id":"","beyondwords_hash":"","beyondwords_error_message":"","beyondwords_disabled":"","publish_post_to_speechkit":"","speechkit_generate_audio":"","speechkit_project_id":"","speechkit_podcast_id":"","speechkit_hash":"","speechkit_error_message":"","speechkit_disabled":"","speechkit_access_key":"","speechkit_error":"","speechkit_info":"","speechkit_response":"","speechkit_retries":"","_speechkit_link":"","_speechkit_text":""},"categories":[51],"tags":[82,1082,750,6580,44,72,46,1207,6581,52,59,112,6582,6583,1281,139],"jetpack_featured_media_url":"","_links":{"self":[{"href":"https:\/\/pinews.com.br\/index.php\/wp-json\/wp\/v2\/posts\/15728"}],"collection":[{"href":"https:\/\/pinews.com.br\/index.php\/wp-json\/wp\/v2\/posts"}],"about":[{"href":"https:\/\/pinews.com.br\/index.php\/wp-json\/wp\/v2\/types\/post"}],"author":[{"embeddable":true,"href":"https:\/\/pinews.com.br\/index.php\/wp-json\/wp\/v2\/users\/1"}],"replies":[{"embeddable":true,"href":"https:\/\/pinews.com.br\/index.php\/wp-json\/wp\/v2\/comments?post=15728"}],"version-history":[{"count":0,"href":"https:\/\/pinews.com.br\/index.php\/wp-json\/wp\/v2\/posts\/15728\/revisions"}],"wp:featuredmedia":[{"embeddable":true,"href":"https:\/\/pinews.com.br\/index.php\/wp-json\/"}],"wp:attachment":[{"href":"https:\/\/pinews.com.br\/index.php\/wp-json\/wp\/v2\/media?parent=15728"}],"wp:term":[{"taxonomy":"category","embeddable":true,"href":"https:\/\/pinews.com.br\/index.php\/wp-json\/wp\/v2\/categories?post=15728"},{"taxonomy":"post_tag","embeddable":true,"href":"https:\/\/pinews.com.br\/index.php\/wp-json\/wp\/v2\/tags?post=15728"}],"curies":[{"name":"wp","href":"https:\/\/api.w.org\/{rel}","templated":true}]}}