{"id":15780,"date":"2020-11-17T11:02:00","date_gmt":"2020-11-17T14:02:00","guid":{"rendered":"https:\/\/pinews.com.br\/?p=15780"},"modified":"2020-11-17T11:02:00","modified_gmt":"2020-11-17T14:02:00","slug":"inss-agu-e-mpf-firmam-acordo-para-acabar-com-filas-por-beneficios","status":"publish","type":"post","link":"https:\/\/pinews.com.br\/index.php\/2020\/11\/17\/inss-agu-e-mpf-firmam-acordo-para-acabar-com-filas-por-beneficios\/","title":{"rendered":"INSS, AGU e MPF firmam acordo para acabar com filas por benef\u00edcios"},"content":{"rendered":"\n<p>A&nbsp; Advocacia-Geral da Uni\u00e3o (AGU), o Minist\u00e9rio P\u00fablico Federal (MPF) e&nbsp;o Instituto Nacional do Seguro Social (INSS) firmaram&nbsp;acordo para dar fim \u00e0s filas de espera por benef\u00edcios previdenci\u00e1rios. Entre as medidas previstas est\u00e1 a ado\u00e7\u00e3o de prazos para a an\u00e1lise dos pedidos feitos pelos segurados.<\/p>\n\n\n\n<p>Entre as medidas previstas est\u00e1 a ado\u00e7\u00e3o de prazos para a an\u00e1lise dos pedidos feitos pelos segurados. No caso de aux\u00edlio-doen\u00e7a, a an\u00e1lise da solicita\u00e7\u00e3o ser\u00e1 de at\u00e9 45 dias. Para a pens\u00e3o por morte, o prazo ser\u00e1 de 60 dias; e para sal\u00e1rio-maternidade, at\u00e9 30 dias.<\/p>\n\n\n\n<p>O acordo, firmado na&nbsp;segunda-feira (16),&nbsp;prev\u00ea tamb\u00e9m o compromisso da Uni\u00e3o em realizar as per\u00edcias m\u00e9dicas necess\u00e1rias ao reconhecimento inicial de direitos previdenci\u00e1rios e assistenciais no prazo de at\u00e9 45 dias ap\u00f3s o agendamento \u2013 mesmo prazo dado para a avalia\u00e7\u00e3o social nos benef\u00edcios previdenci\u00e1rios e assistenciais em que a aferi\u00e7\u00e3o da defici\u00eancia for requisito \u00e0 concess\u00e3o do benef\u00edcio.<\/p>\n\n\n\n<p>De acordo com a AGU, esses limites ser\u00e3o ampliados para 90 dias nas unidades da per\u00edcia m\u00e9dica federal, classificadas como de \u201cdif\u00edcil provimento\u201d \u2013 para as quais se exige o deslocamento de servidores de outras unidades para o aux\u00edlio no atendimento.<\/p>\n\n\n\n<p>Tamb\u00e9m est\u00e3o previstos prazos para o cumprimento de decis\u00f5es judiciais favor\u00e1veis \u00e0 concess\u00e3o de benef\u00edcios,&nbsp;que devem ser considerados a partir da intima\u00e7\u00e3o do INSS. Caso o acordo seja descumprido, o INSS ser\u00e1 obrigado a analisar o requerimento administrativo&nbsp;no prazo de 10 dias, &nbsp;por meio da Central Unificada de Cumprimento Emergencial de Prazos.<\/p>\n\n\n\n<p>Segundo a AGU, com a implementa\u00e7\u00e3o do acordo ficam suspensas as a\u00e7\u00f5es judiciais em tramita\u00e7\u00e3o no Supremo Tribunal Federal (STF) ou em primeira inst\u00e2ncia, que questionem a demora do INSS na an\u00e1lise de solicita\u00e7\u00f5es.<\/p>\n\n\n\n<p><strong>Fonte: Ag\u00eancia Brasil<\/strong><\/p>\n","protected":false},"excerpt":{"rendered":"<p>A&nbsp; Advocacia-Geral da Uni\u00e3o (AGU), o Minist\u00e9rio P\u00fablico Federal (MPF) e&nbsp;o Instituto Nacional do Seguro Social (INSS) firmaram&nbsp;acordo para dar fim \u00e0s filas de espera por benef\u00edcios previdenci\u00e1rios. Entre as medidas previstas est\u00e1 a ado\u00e7\u00e3o de prazos para a an\u00e1lise dos pedidos feitos pelos segurados. Entre as medidas previstas est\u00e1 a ado\u00e7\u00e3o de prazos para [&hellip;]<\/p>\n","protected":false},"author":1,"featured_media":13269,"comment_status":"open","ping_status":"open","sticky":false,"template":"","format":"standard","meta":{"beyondwords_generate_audio":"","beyondwords_project_id":"","beyondwords_podcast_id":"","beyondwords_hash":"","beyondwords_error_message":"","beyondwords_disabled":"","publish_post_to_speechkit":"","speechkit_generate_audio":"","speechkit_project_id":"","speechkit_podcast_id":"","speechkit_hash":"","speechkit_error_message":"","speechkit_disabled":"","speechkit_access_key":"","speechkit_error":"","speechkit_info":"","speechkit_response":"","speechkit_retries":"","_speechkit_link":"","_speechkit_text":""},"categories":[134],"tags":[6598,6025,6599,6116,6600,6601,1138,5891,350,59],"jetpack_featured_media_url":"","_links":{"self":[{"href":"https:\/\/pinews.com.br\/index.php\/wp-json\/wp\/v2\/posts\/15780"}],"collection":[{"href":"https:\/\/pinews.com.br\/index.php\/wp-json\/wp\/v2\/posts"}],"about":[{"href":"https:\/\/pinews.com.br\/index.php\/wp-json\/wp\/v2\/types\/post"}],"author":[{"embeddable":true,"href":"https:\/\/pinews.com.br\/index.php\/wp-json\/wp\/v2\/users\/1"}],"replies":[{"embeddable":true,"href":"https:\/\/pinews.com.br\/index.php\/wp-json\/wp\/v2\/comments?post=15780"}],"version-history":[{"count":0,"href":"https:\/\/pinews.com.br\/index.php\/wp-json\/wp\/v2\/posts\/15780\/revisions"}],"wp:featuredmedia":[{"embeddable":true,"href":"https:\/\/pinews.com.br\/index.php\/wp-json\/"}],"wp:attachment":[{"href":"https:\/\/pinews.com.br\/index.php\/wp-json\/wp\/v2\/media?parent=15780"}],"wp:term":[{"taxonomy":"category","embeddable":true,"href":"https:\/\/pinews.com.br\/index.php\/wp-json\/wp\/v2\/categories?post=15780"},{"taxonomy":"post_tag","embeddable":true,"href":"https:\/\/pinews.com.br\/index.php\/wp-json\/wp\/v2\/tags?post=15780"}],"curies":[{"name":"wp","href":"https:\/\/api.w.org\/{rel}","templated":true}]}}