{"id":15797,"date":"2020-11-17T19:23:34","date_gmt":"2020-11-17T22:23:34","guid":{"rendered":"https:\/\/pinews.com.br\/?p=15797"},"modified":"2020-11-17T19:23:34","modified_gmt":"2020-11-17T22:23:34","slug":"menina-de-teresina-que-prendeu-panela-na-cabeca-e-destaque-no-programa-da-fatima-bernardes","status":"publish","type":"post","link":"https:\/\/pinews.com.br\/index.php\/2020\/11\/17\/menina-de-teresina-que-prendeu-panela-na-cabeca-e-destaque-no-programa-da-fatima-bernardes\/","title":{"rendered":"Menina de Teresina que prendeu panela na cabe\u00e7a \u00e9 destaque no programa da F\u00e1tima Bernardes"},"content":{"rendered":"\n<p>A pequena Anna Luiza, de 5 anos, ficou famosa ap\u00f3s a m\u00e3e dela publicar nas redes sociais o v\u00eddeo que mostra o momento em que a menina foi socorrida pelo Corpo de Bombeiros por ter ficado com uma panela de press\u00e3o presa na cabe\u00e7a enquanto brincava na casa da av\u00f3 no bairro Promorar, zona Sul de Teresina.<\/p>\n\n\n\n<p>O caso repercutiu em todo o pa\u00eds e nesta ter\u00e7a-feira (17), foi destaque no programa Encontro com F\u00e1tima Bernardes, da TV Globo.&nbsp;M\u00e3e e filha relataram todo o caso \u00e0 F\u00e1tima Bernardes e uma pediatra falou sobre o aumento de acidentes dom\u00e9sticos envolvendo crian\u00e7as durante a pandemia.<\/p>\n\n\n\n<p>Ana Luiza brincava de cozinheira no dia 6 de novembro quando &nbsp;decidiu colocar a panela de press\u00e3o na cabe\u00e7a e ningu\u00e9m conseguiu retirar, sendo necess\u00e1ria a interven\u00e7\u00e3o dos bombeiros.<\/p>\n\n\n\n<p><img decoding=\"async\" src=\"https:\/\/piauihoje.com\/uploads\/editor\/1605623909868_eb6cdcff5bb1953ad714b2b211d6d4538d6834a4.jpg\">Teresinense que ficou com a panela presa na cabe\u00e7a \u00e9 destaque no programa da F\u00e1tima Bernardes&nbsp;<\/p>\n\n\n\n<p>A comerciante Joelma Lima, m\u00e3e da crian\u00e7a, disse que tinha ido ao Centro da cidade e que deixou Anna Luiza na casa da m\u00e3e. No caminho para buscar a filha, ela recebeu um \u00e1udio de Anna Luiza dizendo que estava com uma panela na cabe\u00e7a. Ao chegar na resid\u00eancia, a av\u00f3 e madrinha da menina estavam tentando remover a panela, mas sem sucesso.<\/p>\n\n\n\n<p>A crian\u00e7a foi levada para a Unidade de Pronto Atendimento (UPA) do Promorar, onde os profissionais tamb\u00e9m n\u00e3o conseguiram tirar a panela. De l\u00e1, Anna Luiza foi encaminhada para o Corpo de Bombeiros, onde a equipe j\u00e1 era preparada para esse tipo de situa\u00e7\u00e3o e conseguiu remover o objeto com sucesso.<\/p>\n\n\n\n<p>Apesar no nervosismo, Joelma tentou contornar a situa\u00e7\u00e3o e o epis\u00f3dio ainda gerou muitas risadas. M\u00e3e e filha levaram tudo na brincadeira para inibir o desespero.<\/p>\n\n\n\n<figure class=\"wp-block-image\"><img decoding=\"async\" src=\"https:\/\/piauihoje.com\/uploads\/editor\/1605624035890_fb718b16d7f696ab95b7de8383e525ef2f47fe6a.jpg\" alt=\"\"\/><figcaption>Reprodu\u00e7\u00e3o <\/figcaption><\/figure>\n\n\n\n<p><strong>Fonte: Piau\u00ed Hoje<\/strong><\/p>\n","protected":false},"excerpt":{"rendered":"<p>A pequena Anna Luiza, de 5 anos, ficou famosa ap\u00f3s a m\u00e3e dela publicar nas redes sociais o v\u00eddeo que mostra o momento em que a menina foi socorrida pelo Corpo de Bombeiros por ter ficado com uma panela de press\u00e3o presa na cabe\u00e7a enquanto brincava na casa da av\u00f3 no bairro Promorar, zona Sul [&hellip;]<\/p>\n","protected":false},"author":1,"featured_media":15798,"comment_status":"open","ping_status":"open","sticky":false,"template":"","format":"standard","meta":{"beyondwords_generate_audio":"","beyondwords_project_id":"","beyondwords_podcast_id":"","beyondwords_hash":"","beyondwords_error_message":"","beyondwords_disabled":"","publish_post_to_speechkit":"","speechkit_generate_audio":"","speechkit_project_id":"","speechkit_podcast_id":"","speechkit_hash":"","speechkit_error_message":"","speechkit_disabled":"","speechkit_access_key":"","speechkit_error":"","speechkit_info":"","speechkit_response":"","speechkit_retries":"","_speechkit_link":"","_speechkit_text":""},"categories":[1583,51,81],"tags":[6606,750,122,44,1724,72,6607,1207,91,6581,6608,5410,187],"jetpack_featured_media_url":"","_links":{"self":[{"href":"https:\/\/pinews.com.br\/index.php\/wp-json\/wp\/v2\/posts\/15797"}],"collection":[{"href":"https:\/\/pinews.com.br\/index.php\/wp-json\/wp\/v2\/posts"}],"about":[{"href":"https:\/\/pinews.com.br\/index.php\/wp-json\/wp\/v2\/types\/post"}],"author":[{"embeddable":true,"href":"https:\/\/pinews.com.br\/index.php\/wp-json\/wp\/v2\/users\/1"}],"replies":[{"embeddable":true,"href":"https:\/\/pinews.com.br\/index.php\/wp-json\/wp\/v2\/comments?post=15797"}],"version-history":[{"count":0,"href":"https:\/\/pinews.com.br\/index.php\/wp-json\/wp\/v2\/posts\/15797\/revisions"}],"wp:featuredmedia":[{"embeddable":true,"href":"https:\/\/pinews.com.br\/index.php\/wp-json\/"}],"wp:attachment":[{"href":"https:\/\/pinews.com.br\/index.php\/wp-json\/wp\/v2\/media?parent=15797"}],"wp:term":[{"taxonomy":"category","embeddable":true,"href":"https:\/\/pinews.com.br\/index.php\/wp-json\/wp\/v2\/categories?post=15797"},{"taxonomy":"post_tag","embeddable":true,"href":"https:\/\/pinews.com.br\/index.php\/wp-json\/wp\/v2\/tags?post=15797"}],"curies":[{"name":"wp","href":"https:\/\/api.w.org\/{rel}","templated":true}]}}