{"id":15820,"date":"2020-11-18T11:29:49","date_gmt":"2020-11-18T14:29:49","guid":{"rendered":"https:\/\/pinews.com.br\/?p=15820"},"modified":"2020-11-18T11:29:49","modified_gmt":"2020-11-18T14:29:49","slug":"mesarios-ja-podem-obter-declaracao-de-dias-trabalhados","status":"publish","type":"post","link":"https:\/\/pinews.com.br\/index.php\/2020\/11\/18\/mesarios-ja-podem-obter-declaracao-de-dias-trabalhados\/","title":{"rendered":"Mes\u00e1rios j\u00e1 podem obter declara\u00e7\u00e3o de dias trabalhados"},"content":{"rendered":"\n<p>A partir do dia 23 de novembro, as&nbsp;<a href=\"https:\/\/www.justicaeleitoral.jus.br\/eleicoes\/mesario\/\" target=\"_blank\" rel=\"noreferrer noopener\"><strong>declara\u00e7\u00f5es de dias trabalhados<\/strong><\/a>&nbsp;para a Justi\u00e7a Eleitoral estar\u00e3o dispon\u00edveis na internet para os mes\u00e1rios que atuaram no primeiro turno das Elei\u00e7\u00f5es Municipais de 2020.<\/p>\n\n\n\n<p>A declara\u00e7\u00e3o \u2013 que comprova a atua\u00e7\u00e3o no dia da vota\u00e7\u00e3o e garante o direito de folga em dobro pelo dia trabalhado \u2013 estar\u00e1 dispon\u00edvel no&nbsp;<a href=\"https:\/\/www.justicaeleitoral.jus.br\/eleicoes\/mesario\/\" target=\"_blank\" rel=\"noreferrer noopener\"><strong>Canal do Mes\u00e1rio<\/strong><\/a>, localizado no site da Justi\u00e7a Eleitoral.<\/p>\n\n\n\n<p>\u00c9 importante observar que a declara\u00e7\u00e3o de dias trabalhados dispon\u00edvel na internet poder\u00e1 ser emitida apenas para quem tiver registrado sua presen\u00e7a no terminal do mes\u00e1rio da urna eletr\u00f4nica, tanto no in\u00edcio quanto no encerramento dos trabalhos, na mesma se\u00e7\u00e3o eleitoral; para os demais casos, entre em contato com o seu cart\u00f3rio eleitoral.<\/p>\n\n\n\n<p><strong>Fonte: TSE<\/strong><\/p>\n","protected":false},"excerpt":{"rendered":"<p>A partir do dia 23 de novembro, as&nbsp;declara\u00e7\u00f5es de dias trabalhados&nbsp;para a Justi\u00e7a Eleitoral estar\u00e3o dispon\u00edveis na internet para os mes\u00e1rios que atuaram no primeiro turno das Elei\u00e7\u00f5es Municipais de 2020. A declara\u00e7\u00e3o \u2013 que comprova a atua\u00e7\u00e3o no dia da vota\u00e7\u00e3o e garante o direito de folga em dobro pelo dia trabalhado \u2013 estar\u00e1 [&hellip;]<\/p>\n","protected":false},"author":1,"featured_media":14848,"comment_status":"open","ping_status":"open","sticky":false,"template":"","format":"standard","meta":{"beyondwords_generate_audio":"","beyondwords_project_id":"","beyondwords_podcast_id":"","beyondwords_hash":"","beyondwords_error_message":"","beyondwords_disabled":"","publish_post_to_speechkit":"","speechkit_generate_audio":"","speechkit_project_id":"","speechkit_podcast_id":"","speechkit_hash":"","speechkit_error_message":"","speechkit_disabled":"","speechkit_access_key":"","speechkit_error":"","speechkit_info":"","speechkit_response":"","speechkit_retries":"","_speechkit_link":"","_speechkit_text":""},"categories":[134,1201],"tags":[44,3472,787,396,5366,6612,5662,6613],"jetpack_featured_media_url":"","_links":{"self":[{"href":"https:\/\/pinews.com.br\/index.php\/wp-json\/wp\/v2\/posts\/15820"}],"collection":[{"href":"https:\/\/pinews.com.br\/index.php\/wp-json\/wp\/v2\/posts"}],"about":[{"href":"https:\/\/pinews.com.br\/index.php\/wp-json\/wp\/v2\/types\/post"}],"author":[{"embeddable":true,"href":"https:\/\/pinews.com.br\/index.php\/wp-json\/wp\/v2\/users\/1"}],"replies":[{"embeddable":true,"href":"https:\/\/pinews.com.br\/index.php\/wp-json\/wp\/v2\/comments?post=15820"}],"version-history":[{"count":0,"href":"https:\/\/pinews.com.br\/index.php\/wp-json\/wp\/v2\/posts\/15820\/revisions"}],"wp:featuredmedia":[{"embeddable":true,"href":"https:\/\/pinews.com.br\/index.php\/wp-json\/"}],"wp:attachment":[{"href":"https:\/\/pinews.com.br\/index.php\/wp-json\/wp\/v2\/media?parent=15820"}],"wp:term":[{"taxonomy":"category","embeddable":true,"href":"https:\/\/pinews.com.br\/index.php\/wp-json\/wp\/v2\/categories?post=15820"},{"taxonomy":"post_tag","embeddable":true,"href":"https:\/\/pinews.com.br\/index.php\/wp-json\/wp\/v2\/tags?post=15820"}],"curies":[{"name":"wp","href":"https:\/\/api.w.org\/{rel}","templated":true}]}}