{"id":15825,"date":"2020-11-18T11:43:45","date_gmt":"2020-11-18T14:43:45","guid":{"rendered":"https:\/\/pinews.com.br\/?p=15825"},"modified":"2020-11-18T11:43:45","modified_gmt":"2020-11-18T14:43:45","slug":"soldado-do-exercito-que-atuou-nas-eleicoes-morre-em-acidente-no-sul-do-piaui","status":"publish","type":"post","link":"https:\/\/pinews.com.br\/index.php\/2020\/11\/18\/soldado-do-exercito-que-atuou-nas-eleicoes-morre-em-acidente-no-sul-do-piaui\/","title":{"rendered":"Soldado do Ex\u00e9rcito que atuou nas elei\u00e7\u00f5es morre em acidente no Sul do Piau\u00ed"},"content":{"rendered":"\n<p><br>Vicente Manoel de Moura Sousa, de 45 anos, e Aison Martin, de 24 anos, morreram na noite dessa ter\u00e7a-feira (18), ap\u00f3s um acidente na estrada que liga os munic\u00edpios de Bocaina e S\u00e3o Jo\u00e3o da Canabrava.<\/p>\n\n\n\n<p>De acordo com o comandante do Grupamento de Pol\u00edcia Militar (GPM) de Bocaina, sargento Olivaldo Menezes, os dois homens transitavam em motos, indo em dire\u00e7\u00f5es opostas e colidiram frontalmente.<\/p>\n\n\n\n<figure class=\"wp-block-image\"><img decoding=\"async\" src=\"https:\/\/s2.glbimg.com\/M65ofF63dra3Vbo2fK7abLUXwdE=\/0x186:869x1054\/984x0\/smart\/filters:strip_icc()\/i.s3.glbimg.com\/v1\/AUTH_59edd422c0c84a879bd37670ae4f538a\/internal_photos\/bs\/2020\/M\/j\/ZjEwFRTr2XzwqorfJpvw\/whatsapp-image-2020-11-18-at-07.34.24.jpeg\" alt=\"Motos ficaram na estrada ap\u00f3s acidente pr\u00f3ximo a Bocaina \u2014 Foto: Divulga\u00e7\u00e3o\/PM\"\/><figcaption>Motos ficaram na estrada ap\u00f3s acidente pr\u00f3ximo a Bocaina \u2014 Foto: Divulga\u00e7\u00e3o\/PM<\/figcaption><\/figure>\n\n\n\n<p>\u201cO Vicente morava em Osasco, S\u00e3o Paulo, e veio passar o per\u00edodo eleitoral aqui na regi\u00e3o. Ele estava com a viagem de volta marcada. J\u00e1 o Aison era soldado do Ex\u00e9rcito, morava no povoado V\u00e1rzea Grande. Ele voltava para casa, tinha sido liberado ontem do servi\u00e7o eleitoral e morreu, deixando uma filha de 4 meses\u201d, disse.<\/p>\n\n\n\n<p>A per\u00edcia foi feita no local e os corpos encaminhados para o Instituto de Medicina Legal de Picos.<\/p>\n\n\n\n<p><strong>Fonte: G1 PI <\/strong><\/p>\n","protected":false},"excerpt":{"rendered":"<p>Vicente Manoel de Moura Sousa, de 45 anos, e Aison Martin, de 24 anos, morreram na noite dessa ter\u00e7a-feira (18), ap\u00f3s um acidente na estrada que liga os munic\u00edpios de Bocaina e S\u00e3o Jo\u00e3o da Canabrava. De acordo com o comandante do Grupamento de Pol\u00edcia Militar (GPM) de Bocaina, sargento Olivaldo Menezes, os dois homens [&hellip;]<\/p>\n","protected":false},"author":1,"featured_media":15826,"comment_status":"open","ping_status":"open","sticky":false,"template":"","format":"standard","meta":{"beyondwords_generate_audio":"","beyondwords_project_id":"","beyondwords_podcast_id":"","beyondwords_hash":"","beyondwords_error_message":"","beyondwords_disabled":"","publish_post_to_speechkit":"","speechkit_generate_audio":"","speechkit_project_id":"","speechkit_podcast_id":"","speechkit_hash":"","speechkit_error_message":"","speechkit_disabled":"","speechkit_access_key":"","speechkit_error":"","speechkit_info":"","speechkit_response":"","speechkit_retries":"","_speechkit_link":"","_speechkit_text":""},"categories":[51],"tags":[176,6062,1222,46,1348,119,826,52,5998,120],"jetpack_featured_media_url":"","_links":{"self":[{"href":"https:\/\/pinews.com.br\/index.php\/wp-json\/wp\/v2\/posts\/15825"}],"collection":[{"href":"https:\/\/pinews.com.br\/index.php\/wp-json\/wp\/v2\/posts"}],"about":[{"href":"https:\/\/pinews.com.br\/index.php\/wp-json\/wp\/v2\/types\/post"}],"author":[{"embeddable":true,"href":"https:\/\/pinews.com.br\/index.php\/wp-json\/wp\/v2\/users\/1"}],"replies":[{"embeddable":true,"href":"https:\/\/pinews.com.br\/index.php\/wp-json\/wp\/v2\/comments?post=15825"}],"version-history":[{"count":0,"href":"https:\/\/pinews.com.br\/index.php\/wp-json\/wp\/v2\/posts\/15825\/revisions"}],"wp:featuredmedia":[{"embeddable":true,"href":"https:\/\/pinews.com.br\/index.php\/wp-json\/"}],"wp:attachment":[{"href":"https:\/\/pinews.com.br\/index.php\/wp-json\/wp\/v2\/media?parent=15825"}],"wp:term":[{"taxonomy":"category","embeddable":true,"href":"https:\/\/pinews.com.br\/index.php\/wp-json\/wp\/v2\/categories?post=15825"},{"taxonomy":"post_tag","embeddable":true,"href":"https:\/\/pinews.com.br\/index.php\/wp-json\/wp\/v2\/tags?post=15825"}],"curies":[{"name":"wp","href":"https:\/\/api.w.org\/{rel}","templated":true}]}}