{"id":15831,"date":"2020-11-18T19:04:24","date_gmt":"2020-11-18T22:04:24","guid":{"rendered":"https:\/\/pinews.com.br\/?p=15831"},"modified":"2020-11-18T19:04:24","modified_gmt":"2020-11-18T22:04:24","slug":"forcas-armadas-vao-auxiliar-na-logistica-e-seguranca-do-enem","status":"publish","type":"post","link":"https:\/\/pinews.com.br\/index.php\/2020\/11\/18\/forcas-armadas-vao-auxiliar-na-logistica-e-seguranca-do-enem\/","title":{"rendered":"For\u00e7as Armadas v\u00e3o auxiliar na log\u00edstica e seguran\u00e7a do Enem"},"content":{"rendered":"\n<p>A pedido do Instituto Nacional de Estudos e Pesquisas Educacionais An\u00edsio Teixeira (Inep), \u00f3rg\u00e3o do MEC respons\u00e1vel pela aplica\u00e7\u00e3o do Exame Nacional de Ensino M\u00e9dio (Enem), as For\u00e7as Armadas&nbsp;v\u00e3o&nbsp;prestar apoio log\u00edstico ao Minist\u00e9rio da Educa\u00e7\u00e3o (MEC) na realiza\u00e7\u00e3o&nbsp;da edi\u00e7\u00e3o de 2020.<\/p>\n\n\n\n<p>Por causa da pandemia do novo coronav\u00edrus, as provas impressas ser\u00e3o aplicadas nos&nbsp;dias 17 e&nbsp;24 de janeiro.&nbsp;Na vers\u00e3o digital, o exame ser\u00e1 nos dias&nbsp;31 de janeiro&nbsp;e&nbsp;7 de fevereiro.&nbsp;Na portaria,&nbsp;publicada nesta&nbsp;quarta-feira (18)&nbsp;no&nbsp;<em><a href=\"https:\/\/www.in.gov.br\/web\/dou\/-\/portaria-n-3.748\/gm-md-de-13-de-novembro-de-2020-288979278\" target=\"_blank\" rel=\"noreferrer noopener\">Di\u00e1rio Oficial da Uni\u00e3o<\/a>,<\/em>&nbsp;o ministro da&nbsp;Defesa, Fernando Azevedo e Silva&nbsp;autoriza a atua\u00e7\u00e3o das for\u00e7as.<\/p>\n\n\n\n<p>Segundo o Inep, h\u00e1 5.783.357 inscritos para o Enem, sendo 5.687.271 para o exame impresso e 96.086 para o digital, que \u00e9 novidade nesta edi\u00e7\u00e3o. Esta n\u00e3o \u00e9 a a primeira vez que <a rel=\"noreferrer noopener\" href=\"https:\/\/agenciabrasil.ebc.com.br\/educacao\/noticia\/2020-10\/ministerio-da-justica-monta-sistema-de-acompanhamento-do-enem\" target=\"_blank\">militares s\u00e3o requisitados<\/a> para auxiliar na log\u00edstica e tamb\u00e9m na seguran\u00e7a do exame.<\/p>\n\n\n\n<p><strong>Fonte: Ag\u00eancia Brasil <\/strong><\/p>\n","protected":false},"excerpt":{"rendered":"<p>A pedido do Instituto Nacional de Estudos e Pesquisas Educacionais An\u00edsio Teixeira (Inep), \u00f3rg\u00e3o do MEC respons\u00e1vel pela aplica\u00e7\u00e3o do Exame Nacional de Ensino M\u00e9dio (Enem), as For\u00e7as Armadas&nbsp;v\u00e3o&nbsp;prestar apoio log\u00edstico ao Minist\u00e9rio da Educa\u00e7\u00e3o (MEC) na realiza\u00e7\u00e3o&nbsp;da edi\u00e7\u00e3o de 2020. Por causa da pandemia do novo coronav\u00edrus, as provas impressas ser\u00e3o aplicadas nos&nbsp;dias 17 [&hellip;]<\/p>\n","protected":false},"author":1,"featured_media":15832,"comment_status":"open","ping_status":"open","sticky":false,"template":"","format":"standard","meta":{"beyondwords_generate_audio":"","beyondwords_project_id":"","beyondwords_podcast_id":"","beyondwords_hash":"","beyondwords_error_message":"","beyondwords_disabled":"","publish_post_to_speechkit":"","speechkit_generate_audio":"","speechkit_project_id":"","speechkit_podcast_id":"","speechkit_hash":"","speechkit_error_message":"","speechkit_disabled":"","speechkit_access_key":"","speechkit_error":"","speechkit_info":"","speechkit_response":"","speechkit_retries":"","_speechkit_link":"","_speechkit_text":""},"categories":[134],"tags":[6615,6616,395,6617,6618,91,2851,438],"jetpack_featured_media_url":"","_links":{"self":[{"href":"https:\/\/pinews.com.br\/index.php\/wp-json\/wp\/v2\/posts\/15831"}],"collection":[{"href":"https:\/\/pinews.com.br\/index.php\/wp-json\/wp\/v2\/posts"}],"about":[{"href":"https:\/\/pinews.com.br\/index.php\/wp-json\/wp\/v2\/types\/post"}],"author":[{"embeddable":true,"href":"https:\/\/pinews.com.br\/index.php\/wp-json\/wp\/v2\/users\/1"}],"replies":[{"embeddable":true,"href":"https:\/\/pinews.com.br\/index.php\/wp-json\/wp\/v2\/comments?post=15831"}],"version-history":[{"count":0,"href":"https:\/\/pinews.com.br\/index.php\/wp-json\/wp\/v2\/posts\/15831\/revisions"}],"wp:featuredmedia":[{"embeddable":true,"href":"https:\/\/pinews.com.br\/index.php\/wp-json\/"}],"wp:attachment":[{"href":"https:\/\/pinews.com.br\/index.php\/wp-json\/wp\/v2\/media?parent=15831"}],"wp:term":[{"taxonomy":"category","embeddable":true,"href":"https:\/\/pinews.com.br\/index.php\/wp-json\/wp\/v2\/categories?post=15831"},{"taxonomy":"post_tag","embeddable":true,"href":"https:\/\/pinews.com.br\/index.php\/wp-json\/wp\/v2\/tags?post=15831"}],"curies":[{"name":"wp","href":"https:\/\/api.w.org\/{rel}","templated":true}]}}