{"id":15881,"date":"2020-11-20T10:44:04","date_gmt":"2020-11-20T13:44:04","guid":{"rendered":"https:\/\/pinews.com.br\/?p=15881"},"modified":"2020-11-20T10:44:04","modified_gmt":"2020-11-20T13:44:04","slug":"suspeito-troca-tiros-com-a-policia-pula-em-rio-e-foge-durante-operacao-no-piaui","status":"publish","type":"post","link":"https:\/\/pinews.com.br\/index.php\/2020\/11\/20\/suspeito-troca-tiros-com-a-policia-pula-em-rio-e-foge-durante-operacao-no-piaui\/","title":{"rendered":"Suspeito troca tiros com a pol\u00edcia, pula em rio e foge durante opera\u00e7\u00e3o no Piau\u00ed"},"content":{"rendered":"\n<p>Um suspeito de homic\u00eddio trocou tiros com a Pol\u00edcia Civil na manh\u00e3 desta sexta-feira (20) em Parna\u00edba. De acordo com o delegado Jo\u00e3o Rodrigo Luna, os policiais foram cumprir um mandado de pris\u00e3o preventiva contra o homem por um homic\u00eddio que aconteceu h\u00e1 cerca de tr\u00eas meses.<\/p>\n\n\n\n<blockquote class=\"wp-block-quote\"><p>&#8220;Os policiais foram recebidos com disparos de arma de fogo. Houve um pequeno tiroteio, o acusado pulou no rio [Igara\u00e7u] e conseguiu fugir. \u00c9 uma \u00e1rea de muita mata, mas as equipes continuam em busca&#8221;, informou o delegado.<\/p><\/blockquote>\n\n\n\n<p>Segundo Jo\u00e3o Rodrigo Luna, o homem \u00e9 suspeito de ter matado outro no Centro de Parna\u00edba para roubar sua arma. &#8220;Tanto ele como a v\u00edtima j\u00e1 tinham envolvimento com crimes e tinham uma rivalidade&#8221;, afirmou.<\/p>\n\n\n\n<h2>Dois presos<\/h2>\n\n\n\n<p>Durante a opera\u00e7\u00e3o, outros dois mandados foram cumpridos. Um em Parna\u00edba, de um suspeito de ter matado outro homem.<\/p>\n\n\n\n<p>&#8220;Esse crime foi um acerto de contas oriundo de d\u00edvida do tr\u00e1fico de drogas&#8221;, disse o delegado Jo\u00e3o Rodrigo.<\/p>\n\n\n\n<p>O outro mandado foi cumprido em Teresina. &#8220;Esse suspeito participou de um dos homic\u00eddios, fugiu para a capital ap\u00f3s o crime e foi preso nesta sexta&#8221;, informou o delegado.<\/p>\n\n\n\n<p><strong>Fonte: G1 PI<\/strong><\/p>\n","protected":false},"excerpt":{"rendered":"<p>Um suspeito de homic\u00eddio trocou tiros com a Pol\u00edcia Civil na manh\u00e3 desta sexta-feira (20) em Parna\u00edba. De acordo com o delegado Jo\u00e3o Rodrigo Luna, os policiais foram cumprir um mandado de pris\u00e3o preventiva contra o homem por um homic\u00eddio que aconteceu h\u00e1 cerca de tr\u00eas meses. &#8220;Os policiais foram recebidos com disparos de arma [&hellip;]<\/p>\n","protected":false},"author":1,"featured_media":15882,"comment_status":"open","ping_status":"open","sticky":false,"template":"","format":"standard","meta":{"beyondwords_generate_audio":"","beyondwords_project_id":"","beyondwords_podcast_id":"","beyondwords_hash":"","beyondwords_error_message":"","beyondwords_disabled":"","publish_post_to_speechkit":"","speechkit_generate_audio":"","speechkit_project_id":"","speechkit_podcast_id":"","speechkit_hash":"","speechkit_error_message":"","speechkit_disabled":"","speechkit_access_key":"","speechkit_error":"","speechkit_info":"","speechkit_response":"","speechkit_retries":"","_speechkit_link":"","_speechkit_text":""},"categories":[51,78],"tags":[45,46,1925,383,52,466,6637,407,130,165,1163],"jetpack_featured_media_url":"","_links":{"self":[{"href":"https:\/\/pinews.com.br\/index.php\/wp-json\/wp\/v2\/posts\/15881"}],"collection":[{"href":"https:\/\/pinews.com.br\/index.php\/wp-json\/wp\/v2\/posts"}],"about":[{"href":"https:\/\/pinews.com.br\/index.php\/wp-json\/wp\/v2\/types\/post"}],"author":[{"embeddable":true,"href":"https:\/\/pinews.com.br\/index.php\/wp-json\/wp\/v2\/users\/1"}],"replies":[{"embeddable":true,"href":"https:\/\/pinews.com.br\/index.php\/wp-json\/wp\/v2\/comments?post=15881"}],"version-history":[{"count":0,"href":"https:\/\/pinews.com.br\/index.php\/wp-json\/wp\/v2\/posts\/15881\/revisions"}],"wp:featuredmedia":[{"embeddable":true,"href":"https:\/\/pinews.com.br\/index.php\/wp-json\/"}],"wp:attachment":[{"href":"https:\/\/pinews.com.br\/index.php\/wp-json\/wp\/v2\/media?parent=15881"}],"wp:term":[{"taxonomy":"category","embeddable":true,"href":"https:\/\/pinews.com.br\/index.php\/wp-json\/wp\/v2\/categories?post=15881"},{"taxonomy":"post_tag","embeddable":true,"href":"https:\/\/pinews.com.br\/index.php\/wp-json\/wp\/v2\/tags?post=15881"}],"curies":[{"name":"wp","href":"https:\/\/api.w.org\/{rel}","templated":true}]}}