{"id":15899,"date":"2020-11-21T10:44:18","date_gmt":"2020-11-21T13:44:18","guid":{"rendered":"https:\/\/pinews.com.br\/?p=15899"},"modified":"2020-11-21T10:44:18","modified_gmt":"2020-11-21T13:44:18","slug":"adapi-faz-busca-ativa-de-possiveis-focos-de-peste-suina-classica-no-piaui","status":"publish","type":"post","link":"https:\/\/pinews.com.br\/index.php\/2020\/11\/21\/adapi-faz-busca-ativa-de-possiveis-focos-de-peste-suina-classica-no-piaui\/","title":{"rendered":"Adapi faz busca ativa de poss\u00edveis focos de Peste Su\u00edna Cl\u00e1ssica no Piau\u00ed"},"content":{"rendered":"\n<p>O Piau\u00ed est\u00e1 inserido na \u00e1rea de zona n\u00e3o livre da Peste Su\u00edna Cl\u00e1ssica (PSC) e voltou a registrar focos da doen\u00e7a na regi\u00e3o Norte, ap\u00f3s quase um ano do \u00faltimo registro. O gerente de Defesa Animal da Ag\u00eancia de Defesa Agropecu\u00e1ria do Piau\u00ed (Adapi), Jos\u00e9 Idilio Moura, relata que o estado apresentou dois focos em outubro, um em&nbsp;Parna\u00edba&nbsp;e outro em Lu\u00eds Correia.<\/p>\n\n\n\n<p>\u201cOutros focos da doen\u00e7a n\u00e3o foram confirmados. A Adapi continua fazendo a vigil\u00e2ncia nos munic\u00edpios e fazendo busca ativa dos casos. O Brasil \u00e9 dividido em duas \u00e1reas: a \u00e1rea n\u00e3o livre, que compreende os estados do Norte e Nordeste; e a \u00e1rea livre (da PSC) que envolve os estados do sul, sudeste, centro-oeste\u201d.<\/p>\n\n\n\n<p>Os estados do Norte e do Nordeste apresentam a circula\u00e7\u00e3o do v\u00edrus que provoca a doen\u00e7a nos animais. \u201cN\u00e3o sabemos precisar quando o Piau\u00ed estar\u00e1 livre dessa doen\u00e7a porque esse v\u00edrus \u00e9 end\u00eamico\u201d.<\/p>\n\n\n\n<p>Idilou Moura esclarece que o tr\u00e2nsito de animais su\u00ednos ficou suspenso apenas nas propriedades em que registram casos da doen\u00e7a. Nos dois focos, cerca de 50 animais foram sacrificados.<\/p>\n\n\n\n<p>Os produtores que identificar sintomas cl\u00ednicos da doen\u00e7a no animal devem comunicar imediatamente o escrit\u00f3rio mais pr\u00f3ximo da Adapi para que as provid\u00eancias necess\u00e1rias sejam tomadas.<\/p>\n\n\n\n<p><strong>Sintomas<\/strong><\/p>\n\n\n\n<p>A Peste Su\u00edna Cl\u00e1ssica (PSC) tamb\u00e9m \u00e9 conhecida como febre su\u00edna ou c\u00f3lera dos porcos, que \u00e9 uma doen\u00e7a viral, contagiosa. Essa doen\u00e7a afeta somente su\u00ednos e javalis. Al\u00e9m disso, n\u00e3o oferece riscos \u00e0 sa\u00fade humana. N\u00e3o h\u00e1 tratamento dispon\u00edvel para a PSC<\/p>\n\n\n\n<p>A Secretaria de Defesa Agropecu\u00e1ria do Minist\u00e9rio da Agricultura, Pecu\u00e1ria e Abastecimento descreve os principais sintomas da doen\u00e7a: febre (40,5\u00b0C a 42,0\u00b0C), apatia, anorexia, letargia, animais amontoados, conjuntivite, les\u00f5es hemorr\u00e1gicas na pele, cianose em extremidades (orelhas, membros, focinho e cauda), paresia de membros posteriores, ataxia, problemas respirat\u00f3rios e reprodutivos (principalmente abortos).<\/p>\n\n\n\n<p>\u201cAnimais adultos geralmente apresentam formas menos graves da doen\u00e7a e possuem uma maior taxa de sobreviv\u00eancia. Em rebanhos infectados por cepas de baixa virul\u00eancia, os reduzidos \u00edndices reprodutivos podem ser os \u00fanicos sinais percept\u00edveis da presen\u00e7a da PSC\u201d.<\/p>\n\n\n\n<p>\u201cTrata-se de doen\u00e7a de notifica\u00e7\u00e3o obrigat\u00f3ria \u00e0 OIE (Organiza\u00e7\u00e3o Mundial de Sa\u00fade Animal), e est\u00e1 inclu\u00edda entre as doen\u00e7as que requerem notifica\u00e7\u00e3o imediata de qualquer caso suspeito no Brasil, conforme Instru\u00e7\u00e3o Normativa MAPA n\u00ba 50, de 23 de setembro de 2013\u201d, ressalta.<\/p>\n\n\n\n<p><strong>Fonte: Carlienne Carpaso\/ Cidade Verde<\/strong><\/p>\n","protected":false},"excerpt":{"rendered":"<p>O Piau\u00ed est\u00e1 inserido na \u00e1rea de zona n\u00e3o livre da Peste Su\u00edna Cl\u00e1ssica (PSC) e voltou a registrar focos da doen\u00e7a na regi\u00e3o Norte, ap\u00f3s quase um ano do \u00faltimo registro. O gerente de Defesa Animal da Ag\u00eancia de Defesa Agropecu\u00e1ria do Piau\u00ed (Adapi), Jos\u00e9 Idilio Moura, relata que o estado apresentou dois focos [&hellip;]<\/p>\n","protected":false},"author":1,"featured_media":15900,"comment_status":"open","ping_status":"open","sticky":false,"template":"","format":"standard","meta":{"beyondwords_generate_audio":"","beyondwords_project_id":"","beyondwords_podcast_id":"","beyondwords_hash":"","beyondwords_error_message":"","beyondwords_disabled":"","publish_post_to_speechkit":"","speechkit_generate_audio":"","speechkit_project_id":"","speechkit_podcast_id":"","speechkit_hash":"","speechkit_error_message":"","speechkit_disabled":"","speechkit_access_key":"","speechkit_error":"","speechkit_info":"","speechkit_response":"","speechkit_retries":"","_speechkit_link":"","_speechkit_text":""},"categories":[51],"tags":[6574,6642,800,5964,44,963,5772,5966,52,6643,5967],"jetpack_featured_media_url":"","_links":{"self":[{"href":"https:\/\/pinews.com.br\/index.php\/wp-json\/wp\/v2\/posts\/15899"}],"collection":[{"href":"https:\/\/pinews.com.br\/index.php\/wp-json\/wp\/v2\/posts"}],"about":[{"href":"https:\/\/pinews.com.br\/index.php\/wp-json\/wp\/v2\/types\/post"}],"author":[{"embeddable":true,"href":"https:\/\/pinews.com.br\/index.php\/wp-json\/wp\/v2\/users\/1"}],"replies":[{"embeddable":true,"href":"https:\/\/pinews.com.br\/index.php\/wp-json\/wp\/v2\/comments?post=15899"}],"version-history":[{"count":0,"href":"https:\/\/pinews.com.br\/index.php\/wp-json\/wp\/v2\/posts\/15899\/revisions"}],"wp:featuredmedia":[{"embeddable":true,"href":"https:\/\/pinews.com.br\/index.php\/wp-json\/"}],"wp:attachment":[{"href":"https:\/\/pinews.com.br\/index.php\/wp-json\/wp\/v2\/media?parent=15899"}],"wp:term":[{"taxonomy":"category","embeddable":true,"href":"https:\/\/pinews.com.br\/index.php\/wp-json\/wp\/v2\/categories?post=15899"},{"taxonomy":"post_tag","embeddable":true,"href":"https:\/\/pinews.com.br\/index.php\/wp-json\/wp\/v2\/tags?post=15899"}],"curies":[{"name":"wp","href":"https:\/\/api.w.org\/{rel}","templated":true}]}}