{"id":15977,"date":"2020-11-23T11:13:37","date_gmt":"2020-11-23T14:13:37","guid":{"rendered":"https:\/\/pinews.com.br\/?p=15977"},"modified":"2020-11-23T11:13:37","modified_gmt":"2020-11-23T14:13:37","slug":"eleitor-que-nao-votou-no-primeiro-turno-pode-votar-no-segundo-turno","status":"publish","type":"post","link":"https:\/\/pinews.com.br\/index.php\/2020\/11\/23\/eleitor-que-nao-votou-no-primeiro-turno-pode-votar-no-segundo-turno\/","title":{"rendered":"Eleitor que n\u00e3o votou no primeiro turno pode votar no segundo turno"},"content":{"rendered":"\n<p>Mais de 111 mil eleitores em Teresina n\u00e3o compareceram as urnas no primeiro turno das elei\u00e7\u00f5es. O presidente da comisss\u00e3o de Direito Eleitoral da OAB-PI, Emmanuel Fonseca, explica que o segundo turno \u00e9 como se fosse uma nova elei\u00e7\u00e3o e mesmo quem n\u00e3o votou no \u00faltimo dia 29 pode votar no pr\u00f3ximo dia 15.<\/p>\n\n\n\n<p>\u201cMesmo quem n\u00e3o votou no primeiro turno ou deixou de votar em alguma outra elei\u00e7\u00e3o pode votar nesta elei\u00e7\u00e3o, desde que esteja como apto no registro eleitoral. Isso pode ser facilmente conferido no site do TSE e no pr\u00f3prio aplicativo e-T\u00edtulo\u201d, explica Fonseca.<\/p>\n\n\n\n<p>Em entrevista ao Not\u00edcia da Manh\u00e3, o advogado tamb\u00e9m explicou sobre a justificativa eleitoral no cart\u00f3rio, bem como o prazo, 30 dias contados do dia da elei\u00e7\u00e3o.<\/p>\n\n\n\n<p>\u201cAs justificativas podem ser apresentadas atrav\u00e9s do aplicativo e-T\u00edtulo, presencialmente no dia da elei\u00e7\u00e3o e, posteriormente, nos cart\u00f3rios eleitorais. As justificativas aceitas pela Justi\u00e7a s\u00e3o a aus\u00eancia na circunscri\u00e7\u00e3o do pleito eleitoral, doen\u00e7a, impossibilidade por motivo de trabalho e isso deve ser comprovado documentalmente para o cart\u00f3rio eleitoral\u201d, destaca o advogado&nbsp;Emmanuel Fonseca.<\/p>\n\n\n\n<p><strong>Fonte: Graciane Sousa\/ Cidade Verde<\/strong><\/p>\n","protected":false},"excerpt":{"rendered":"<p>Mais de 111 mil eleitores em Teresina n\u00e3o compareceram as urnas no primeiro turno das elei\u00e7\u00f5es. O presidente da comisss\u00e3o de Direito Eleitoral da OAB-PI, Emmanuel Fonseca, explica que o segundo turno \u00e9 como se fosse uma nova elei\u00e7\u00e3o e mesmo quem n\u00e3o votou no \u00faltimo dia 29 pode votar no pr\u00f3ximo dia 15. \u201cMesmo [&hellip;]<\/p>\n","protected":false},"author":1,"featured_media":12624,"comment_status":"open","ping_status":"open","sticky":false,"template":"","format":"standard","meta":{"beyondwords_generate_audio":"","beyondwords_project_id":"","beyondwords_podcast_id":"","beyondwords_hash":"","beyondwords_error_message":"","beyondwords_disabled":"","publish_post_to_speechkit":"","speechkit_generate_audio":"","speechkit_project_id":"","speechkit_podcast_id":"","speechkit_hash":"","speechkit_error_message":"","speechkit_disabled":"","speechkit_access_key":"","speechkit_error":"","speechkit_info":"","speechkit_response":"","speechkit_retries":"","_speechkit_link":"","_speechkit_text":""},"categories":[134,1201],"tags":[5795,653,397,3485,6182,5873,6247,6671],"jetpack_featured_media_url":"","_links":{"self":[{"href":"https:\/\/pinews.com.br\/index.php\/wp-json\/wp\/v2\/posts\/15977"}],"collection":[{"href":"https:\/\/pinews.com.br\/index.php\/wp-json\/wp\/v2\/posts"}],"about":[{"href":"https:\/\/pinews.com.br\/index.php\/wp-json\/wp\/v2\/types\/post"}],"author":[{"embeddable":true,"href":"https:\/\/pinews.com.br\/index.php\/wp-json\/wp\/v2\/users\/1"}],"replies":[{"embeddable":true,"href":"https:\/\/pinews.com.br\/index.php\/wp-json\/wp\/v2\/comments?post=15977"}],"version-history":[{"count":0,"href":"https:\/\/pinews.com.br\/index.php\/wp-json\/wp\/v2\/posts\/15977\/revisions"}],"wp:featuredmedia":[{"embeddable":true,"href":"https:\/\/pinews.com.br\/index.php\/wp-json\/"}],"wp:attachment":[{"href":"https:\/\/pinews.com.br\/index.php\/wp-json\/wp\/v2\/media?parent=15977"}],"wp:term":[{"taxonomy":"category","embeddable":true,"href":"https:\/\/pinews.com.br\/index.php\/wp-json\/wp\/v2\/categories?post=15977"},{"taxonomy":"post_tag","embeddable":true,"href":"https:\/\/pinews.com.br\/index.php\/wp-json\/wp\/v2\/tags?post=15977"}],"curies":[{"name":"wp","href":"https:\/\/api.w.org\/{rel}","templated":true}]}}