{"id":1599,"date":"2019-10-03T13:42:43","date_gmt":"2019-10-03T16:42:43","guid":{"rendered":"https:\/\/pinews.com.br\/?p=1599"},"modified":"2019-10-03T13:42:43","modified_gmt":"2019-10-03T16:42:43","slug":"carreta-colide-em-casal-de-idosos-na-br-343-e-mulher-morre-no-local","status":"publish","type":"post","link":"https:\/\/pinews.com.br\/index.php\/2019\/10\/03\/carreta-colide-em-casal-de-idosos-na-br-343-e-mulher-morre-no-local\/","title":{"rendered":"Carreta colide em casal de idosos na BR 343 e mulher morre no local"},"content":{"rendered":"\n<p>Por <strong>Reda\u00e7\u00e3o PI News<\/strong> &#8211; 03 de outubro de 2019<\/p>\n\n\n\n<figure class=\"wp-block-image\"><img decoding=\"async\" src=\"https:\/\/pinews.com.br\/wp-content\/uploads\/2019\/09\/banner-ramon-cds.jpg\" alt=\"\" class=\"wp-image-1535\"\/><\/figure>\n\n\n\n<p style=\"text-align:justify\">Uma idosa de 67 anos morreu e outro idoso de 73 anos ficou gravemente ferido em um acidente nesta quinta-feira (3) na BR-343 no munic\u00edpio de Altos. O casal estava em uma moto quando foram colididos por um ve\u00edculo de carga no Km 302 da rodovia.<\/p>\n\n\n\n<p style=\"text-align:justify\">A moto era conduzida pelo idoso de 73 anos que teve les\u00f5es graves. Segundo a Pol\u00edcia Rodovi\u00e1ria Federal, a moto realizava uma manobra n\u00e3o permitida. \u201cO condutor da motocicleta ao realizar convers\u00e3o \u00e0 esquerda, n\u00e3o aguardou no acostamento sendo colidido na traseira pelo ve\u00edculo de carga\u201d, explicou a PRF em nota.<\/p>\n\n\n\n<figure class=\"wp-block-image\"><img decoding=\"async\" src=\"https:\/\/i2.wp.com\/cidadeverde.com\/assets\/uploads\/posts\/ac4.jpg?zoom=1.75&amp;w=696&amp;ssl=1\" alt=\"\"\/><\/figure>\n\n\n\n<p style=\"text-align:justify\"><br>Flores de pl\u00e1stico em uma sacola foram encontrados debaixo do caminh\u00e3o e possivelmente eram levadas pela v\u00edtima no momento do acidente.<\/p>\n\n\n\n<p style=\"text-align:justify\">Uma ambul\u00e2ncia do SAMU atendeu a ocorr\u00eancia e encaminhou o idoso para o hospital regional de Altos.<\/p>\n\n\n\n<p style=\"text-align:justify\">A rodovia encontra-se interditada parcialmente com a presen\u00e7a da PRF no local.<\/p>\n\n\n\n<p><strong>Fonte: Cidade verde<\/strong><\/p>\n","protected":false},"excerpt":{"rendered":"<p>Por Reda\u00e7\u00e3o PI News &#8211; 03 de outubro de 2019 Uma idosa de 67 anos morreu e outro idoso de 73 anos ficou gravemente ferido em um acidente nesta quinta-feira (3) na BR-343 no munic\u00edpio de Altos. O casal estava em uma moto quando foram colididos por um ve\u00edculo de carga no Km 302 da [&hellip;]<\/p>\n","protected":false},"author":1,"featured_media":1600,"comment_status":"open","ping_status":"open","sticky":false,"template":"","format":"standard","meta":{"beyondwords_generate_audio":"","beyondwords_project_id":"","beyondwords_podcast_id":"","beyondwords_hash":"","beyondwords_error_message":"","beyondwords_disabled":"","publish_post_to_speechkit":"","speechkit_generate_audio":"","speechkit_project_id":"","speechkit_podcast_id":"","speechkit_hash":"","speechkit_error_message":"","speechkit_disabled":"","speechkit_access_key":"","speechkit_error":"","speechkit_info":"","speechkit_response":"","speechkit_retries":"","_speechkit_link":"","_speechkit_text":""},"categories":[1184,51],"tags":[176,448,495,52],"jetpack_featured_media_url":"","_links":{"self":[{"href":"https:\/\/pinews.com.br\/index.php\/wp-json\/wp\/v2\/posts\/1599"}],"collection":[{"href":"https:\/\/pinews.com.br\/index.php\/wp-json\/wp\/v2\/posts"}],"about":[{"href":"https:\/\/pinews.com.br\/index.php\/wp-json\/wp\/v2\/types\/post"}],"author":[{"embeddable":true,"href":"https:\/\/pinews.com.br\/index.php\/wp-json\/wp\/v2\/users\/1"}],"replies":[{"embeddable":true,"href":"https:\/\/pinews.com.br\/index.php\/wp-json\/wp\/v2\/comments?post=1599"}],"version-history":[{"count":0,"href":"https:\/\/pinews.com.br\/index.php\/wp-json\/wp\/v2\/posts\/1599\/revisions"}],"wp:featuredmedia":[{"embeddable":true,"href":"https:\/\/pinews.com.br\/index.php\/wp-json\/"}],"wp:attachment":[{"href":"https:\/\/pinews.com.br\/index.php\/wp-json\/wp\/v2\/media?parent=1599"}],"wp:term":[{"taxonomy":"category","embeddable":true,"href":"https:\/\/pinews.com.br\/index.php\/wp-json\/wp\/v2\/categories?post=1599"},{"taxonomy":"post_tag","embeddable":true,"href":"https:\/\/pinews.com.br\/index.php\/wp-json\/wp\/v2\/tags?post=1599"}],"curies":[{"name":"wp","href":"https:\/\/api.w.org\/{rel}","templated":true}]}}