{"id":16009,"date":"2020-11-24T11:19:57","date_gmt":"2020-11-24T14:19:57","guid":{"rendered":"https:\/\/pinews.com.br\/?p=16009"},"modified":"2020-11-24T11:19:57","modified_gmt":"2020-11-24T14:19:57","slug":"homem-e-preso-suspeito-de-estuprar-afilhada-de-12-anos-no-piaui","status":"publish","type":"post","link":"https:\/\/pinews.com.br\/index.php\/2020\/11\/24\/homem-e-preso-suspeito-de-estuprar-afilhada-de-12-anos-no-piaui\/","title":{"rendered":"Homem \u00e9 preso suspeito de estuprar afilhada de 12 anos no Piau\u00ed"},"content":{"rendered":"\n<p>Um homem de 40 anos foi preso em flagrante, na segunda-feira (23), suspeito de estuprar a afilhada de 12 anos no munic\u00edpio de&nbsp;Palmeirais, a 108 km de&nbsp;Teresina. De acordo com a Pol\u00edcia Militar do Piau\u00ed (PM-PI), o crime aconteceu na noite de domingo (22), quando o homem foi at\u00e9 a casa da menina, que estava sozinha com dois irm\u00e3os menores.<\/p>\n\n\n\n<p>Segundo a pol\u00edcia, no momento do crime a menina estava sozinha em casa com os irm\u00e3os quando o padrinho chegou. A m\u00e3e da menina havia sa\u00eddo e, quando voltou, descobriu que a filha havia sido violentada e denunciou o crime.<\/p>\n\n\n\n<p>A PM disse que o suspeito foi embora antes da chegada da m\u00e3e da menina e foi preso em casa, na tarde da segunda. Ele foi conduzido para a Central de Flagrantes de Teresina.<\/p>\n\n\n\n<p>Ainda de acordo com a PM, o suspeito confessou o crime para os policiais militares que fizeram a pris\u00e3o dele.<\/p>\n\n\n\n<p>A v\u00edtima foi atendida pelo Conselho Tutelar e encaminhada para o Servi\u00e7o de Apoio \u00e0 Mulher V\u00edtima de Viol\u00eancia Sexual (Samvvis), para realiza\u00e7\u00e3o dos procedimentos cab\u00edveis em casos de estupro.<\/p>\n\n\n\n<p>A menina tamb\u00e9m foi submetida a exame, que comprovou a viol\u00eancia sexual.<\/p>\n\n\n\n<p>O caso ser\u00e1 investigado pela Delegacia de Prote\u00e7\u00e3o \u00e0 Crian\u00e7a e ao Adolescente (DPCA) e o suspeito pode responder por estupro de vulner\u00e1vel.<\/p>\n\n\n\n<p><strong>Fonte: G1 PI<\/strong><\/p>\n","protected":false},"excerpt":{"rendered":"<p>Um homem de 40 anos foi preso em flagrante, na segunda-feira (23), suspeito de estuprar a afilhada de 12 anos no munic\u00edpio de&nbsp;Palmeirais, a 108 km de&nbsp;Teresina. De acordo com a Pol\u00edcia Militar do Piau\u00ed (PM-PI), o crime aconteceu na noite de domingo (22), quando o homem foi at\u00e9 a casa da menina, que estava [&hellip;]<\/p>\n","protected":false},"author":1,"featured_media":16010,"comment_status":"open","ping_status":"open","sticky":false,"template":"","format":"standard","meta":{"beyondwords_generate_audio":"","beyondwords_project_id":"","beyondwords_podcast_id":"","beyondwords_hash":"","beyondwords_error_message":"","beyondwords_disabled":"","publish_post_to_speechkit":"","speechkit_generate_audio":"","speechkit_project_id":"","speechkit_podcast_id":"","speechkit_hash":"","speechkit_error_message":"","speechkit_disabled":"","speechkit_access_key":"","speechkit_error":"","speechkit_info":"","speechkit_response":"","speechkit_retries":"","_speechkit_link":"","_speechkit_text":""},"categories":[51,78,81],"tags":[191,6685,82,44,72,348,84,52,79,130],"jetpack_featured_media_url":"","_links":{"self":[{"href":"https:\/\/pinews.com.br\/index.php\/wp-json\/wp\/v2\/posts\/16009"}],"collection":[{"href":"https:\/\/pinews.com.br\/index.php\/wp-json\/wp\/v2\/posts"}],"about":[{"href":"https:\/\/pinews.com.br\/index.php\/wp-json\/wp\/v2\/types\/post"}],"author":[{"embeddable":true,"href":"https:\/\/pinews.com.br\/index.php\/wp-json\/wp\/v2\/users\/1"}],"replies":[{"embeddable":true,"href":"https:\/\/pinews.com.br\/index.php\/wp-json\/wp\/v2\/comments?post=16009"}],"version-history":[{"count":0,"href":"https:\/\/pinews.com.br\/index.php\/wp-json\/wp\/v2\/posts\/16009\/revisions"}],"wp:featuredmedia":[{"embeddable":true,"href":"https:\/\/pinews.com.br\/index.php\/wp-json\/"}],"wp:attachment":[{"href":"https:\/\/pinews.com.br\/index.php\/wp-json\/wp\/v2\/media?parent=16009"}],"wp:term":[{"taxonomy":"category","embeddable":true,"href":"https:\/\/pinews.com.br\/index.php\/wp-json\/wp\/v2\/categories?post=16009"},{"taxonomy":"post_tag","embeddable":true,"href":"https:\/\/pinews.com.br\/index.php\/wp-json\/wp\/v2\/tags?post=16009"}],"curies":[{"name":"wp","href":"https:\/\/api.w.org\/{rel}","templated":true}]}}