{"id":16089,"date":"2020-11-25T18:55:13","date_gmt":"2020-11-25T21:55:13","guid":{"rendered":"https:\/\/pinews.com.br\/?p=16089"},"modified":"2020-11-25T18:55:13","modified_gmt":"2020-11-25T21:55:13","slug":"cadela-tem-a-pata-amputada-apos-ser-atacada-por-jacare-em-picos","status":"publish","type":"post","link":"https:\/\/pinews.com.br\/index.php\/2020\/11\/25\/cadela-tem-a-pata-amputada-apos-ser-atacada-por-jacare-em-picos\/","title":{"rendered":"Cadela tem a pata amputada ap\u00f3s ser atacada por jacar\u00e9 em Picos"},"content":{"rendered":"\n<p>Uma cadela chamada \u2018Menininha\u2019 foi atacada por um jacar\u00e9 e teve uma de suas pata amputada na cidade de Picos, no Sul do Piau\u00ed. O animal est\u00e1 internado em uma cl\u00ednica veterin\u00e1ria, desde o s\u00e1bado (21), quando tudo aconteceu, para tratar de uma infec\u00e7\u00e3o em decorr\u00eancia do ataque.<\/p>\n\n\n\n<p>Sanya Elane, da Associa\u00e7\u00e3o de Protetores de Animais em Picos (Apapi), foi uma das pessoas que ajudou no resgate de Menininha. Ela contou que a cadela foi encontrada em uma \u00e1rea de dif\u00edcil acesso.<\/p>\n\n\n\n<blockquote class=\"wp-block-quote\"><p>\u201cN\u00e3o vi o jacar\u00e9, mas as pessoas que pediram o resgate, inclusive a que vai ficar com ela, disseram que um jacar\u00e9 saiu puxando a pata dela. Ele s\u00f3 n\u00e3o a levou para o rio, porque a outra pata da cadela ficou enganchada nos galhos\u201d, contou.<\/p><\/blockquote>\n\n\n\n<p>Ao tentar retir\u00e1-la do local, a protetora relatou foi mordida pela cadela, que estava bastante assustada. \u201cL\u00e1 \u00e9 como se fosse um mangue. Assim que pisei, afundei e fiquei presa com a cachorra&#8221;, relatou.<\/p>\n\n\n\n<blockquote class=\"wp-block-quote\"><p>&#8220;Ela me mordeu muito, atacou a minha perna, depois o meu bra\u00e7o. Estava muito assustada e estressada\u201d, completou Sanya Elane.<\/p><\/blockquote>\n\n\n\n<p>Menininha foi levada para uma cl\u00ednica veterin\u00e1ria, onde est\u00e1 recebendo tratamento. Ap\u00f3s receber alta, o animal ser\u00e1 levado para a casa da sua nova dona, uma perita criminal, da Pol\u00edcia Civil, que decidiu adot\u00e1-la.<\/p>\n\n\n\n<p><strong>Fonte: G1 PI<\/strong><\/p>\n","protected":false},"excerpt":{"rendered":"<p>Uma cadela chamada \u2018Menininha\u2019 foi atacada por um jacar\u00e9 e teve uma de suas pata amputada na cidade de Picos, no Sul do Piau\u00ed. O animal est\u00e1 internado em uma cl\u00ednica veterin\u00e1ria, desde o s\u00e1bado (21), quando tudo aconteceu, para tratar de uma infec\u00e7\u00e3o em decorr\u00eancia do ataque. Sanya Elane, da Associa\u00e7\u00e3o de Protetores de [&hellip;]<\/p>\n","protected":false},"author":1,"featured_media":16091,"comment_status":"open","ping_status":"open","sticky":false,"template":"","format":"standard","meta":{"beyondwords_generate_audio":"","beyondwords_project_id":"","beyondwords_podcast_id":"","beyondwords_hash":"","beyondwords_error_message":"","beyondwords_disabled":"","publish_post_to_speechkit":"","speechkit_generate_audio":"","speechkit_project_id":"","speechkit_podcast_id":"","speechkit_hash":"","speechkit_error_message":"","speechkit_disabled":"","speechkit_access_key":"","speechkit_error":"","speechkit_info":"","speechkit_response":"","speechkit_retries":"","_speechkit_link":"","_speechkit_text":""},"categories":[51,126],"tags":[6720,70,6721,962,46,1350,6722,125,59,139,60],"jetpack_featured_media_url":"","_links":{"self":[{"href":"https:\/\/pinews.com.br\/index.php\/wp-json\/wp\/v2\/posts\/16089"}],"collection":[{"href":"https:\/\/pinews.com.br\/index.php\/wp-json\/wp\/v2\/posts"}],"about":[{"href":"https:\/\/pinews.com.br\/index.php\/wp-json\/wp\/v2\/types\/post"}],"author":[{"embeddable":true,"href":"https:\/\/pinews.com.br\/index.php\/wp-json\/wp\/v2\/users\/1"}],"replies":[{"embeddable":true,"href":"https:\/\/pinews.com.br\/index.php\/wp-json\/wp\/v2\/comments?post=16089"}],"version-history":[{"count":0,"href":"https:\/\/pinews.com.br\/index.php\/wp-json\/wp\/v2\/posts\/16089\/revisions"}],"wp:featuredmedia":[{"embeddable":true,"href":"https:\/\/pinews.com.br\/index.php\/wp-json\/"}],"wp:attachment":[{"href":"https:\/\/pinews.com.br\/index.php\/wp-json\/wp\/v2\/media?parent=16089"}],"wp:term":[{"taxonomy":"category","embeddable":true,"href":"https:\/\/pinews.com.br\/index.php\/wp-json\/wp\/v2\/categories?post=16089"},{"taxonomy":"post_tag","embeddable":true,"href":"https:\/\/pinews.com.br\/index.php\/wp-json\/wp\/v2\/tags?post=16089"}],"curies":[{"name":"wp","href":"https:\/\/api.w.org\/{rel}","templated":true}]}}