{"id":16160,"date":"2020-11-27T19:10:02","date_gmt":"2020-11-27T22:10:02","guid":{"rendered":"https:\/\/pinews.com.br\/?p=16160"},"modified":"2020-11-27T19:10:02","modified_gmt":"2020-11-27T22:10:02","slug":"foragido-da-penitenciaria-e-suspeito-de-ter-matado-mulheres-em-padre-marcos","status":"publish","type":"post","link":"https:\/\/pinews.com.br\/index.php\/2020\/11\/27\/foragido-da-penitenciaria-e-suspeito-de-ter-matado-mulheres-em-padre-marcos\/","title":{"rendered":"Foragido da penitenci\u00e1ria \u00e9 suspeito de ter matado mulheres em Padre Marcos"},"content":{"rendered":"\n<p>As primas Edilene Silva e Jayane Silva foram assassinadas a tiros na noite desta quinta-feira, dia 26 de novembro, na localidade Jil\u00f3, situada na zona rural do munic\u00edpio de Padre Marcos.<\/p>\n\n\n\n<p>O crime chocou a popula\u00e7\u00e3o do munic\u00edpio. No momento do crime dois homens chegaram em uma motocicleta modelo Honda Bros, se aproximaram e efetuaram os disparos contra Edilene. Jayane tentou fugir, mas tamb\u00e9m foi atingida.<\/p>\n\n\n\n<p>De acordo com o comandante do Grupamento da Pol\u00edcia Militar do munic\u00edpio, tentente Edvan, a arma usada no crime tinha calibre 38.<\/p>\n\n\n\n<p>\u201cQuando os policiais chegaram no local as duas j\u00e1 estavam mortas, os corpos estavam em uma dist\u00e2ncia de cerca de cem metros um do outro. Foram realizadas dilig\u00eancias em busca dos autores do crime. De acordo com o hist\u00f3rico da vida pregressa das mulheres, foi descoberto que elas eram testemunhas de um homic\u00eddio ocorrido h\u00e1 alguns anos, inclusive uma delas era companheira da v\u00edtima\u201d, disse o militar.<\/p>\n\n\n\n<p>Ainda de acordo com Edvan, o autor do crime ocorrido na \u00e9poca havia fugido da Penitenci\u00e1ria Jos\u00e9 de Deus Barros.<\/p>\n\n\n\n<p>\u201cEle teria amea\u00e7ado que quando sa\u00edsse da cadeia iria matar ela. Essa esta sendo a nossa primeira linha de investiga\u00e7\u00e3o. O caso foi repassado \u00e0 Pol\u00edcia Civil, que dever\u00e1 dar continuidade \u00e0s investiga\u00e7\u00f5es\u201d, concluiu o tenente.<\/p>\n\n\n\n<p><strong>Fonte: Picos 40 Graus<\/strong><\/p>\n","protected":false},"excerpt":{"rendered":"<p>As primas Edilene Silva e Jayane Silva foram assassinadas a tiros na noite desta quinta-feira, dia 26 de novembro, na localidade Jil\u00f3, situada na zona rural do munic\u00edpio de Padre Marcos. O crime chocou a popula\u00e7\u00e3o do munic\u00edpio. No momento do crime dois homens chegaram em uma motocicleta modelo Honda Bros, se aproximaram e efetuaram [&hellip;]<\/p>\n","protected":false},"author":1,"featured_media":16140,"comment_status":"open","ping_status":"open","sticky":false,"template":"","format":"standard","meta":{"beyondwords_generate_audio":"","beyondwords_project_id":"","beyondwords_podcast_id":"","beyondwords_hash":"","beyondwords_error_message":"","beyondwords_disabled":"","publish_post_to_speechkit":"","speechkit_generate_audio":"","speechkit_project_id":"","speechkit_podcast_id":"","speechkit_hash":"","speechkit_error_message":"","speechkit_disabled":"","speechkit_access_key":"","speechkit_error":"","speechkit_info":"","speechkit_response":"","speechkit_retries":"","_speechkit_link":"","_speechkit_text":""},"categories":[124,1479,51,78],"tags":[122,44,72,46,1041,5872,6290,422,5778,1417,130,521],"jetpack_featured_media_url":"","_links":{"self":[{"href":"https:\/\/pinews.com.br\/index.php\/wp-json\/wp\/v2\/posts\/16160"}],"collection":[{"href":"https:\/\/pinews.com.br\/index.php\/wp-json\/wp\/v2\/posts"}],"about":[{"href":"https:\/\/pinews.com.br\/index.php\/wp-json\/wp\/v2\/types\/post"}],"author":[{"embeddable":true,"href":"https:\/\/pinews.com.br\/index.php\/wp-json\/wp\/v2\/users\/1"}],"replies":[{"embeddable":true,"href":"https:\/\/pinews.com.br\/index.php\/wp-json\/wp\/v2\/comments?post=16160"}],"version-history":[{"count":0,"href":"https:\/\/pinews.com.br\/index.php\/wp-json\/wp\/v2\/posts\/16160\/revisions"}],"wp:featuredmedia":[{"embeddable":true,"href":"https:\/\/pinews.com.br\/index.php\/wp-json\/"}],"wp:attachment":[{"href":"https:\/\/pinews.com.br\/index.php\/wp-json\/wp\/v2\/media?parent=16160"}],"wp:term":[{"taxonomy":"category","embeddable":true,"href":"https:\/\/pinews.com.br\/index.php\/wp-json\/wp\/v2\/categories?post=16160"},{"taxonomy":"post_tag","embeddable":true,"href":"https:\/\/pinews.com.br\/index.php\/wp-json\/wp\/v2\/tags?post=16160"}],"curies":[{"name":"wp","href":"https:\/\/api.w.org\/{rel}","templated":true}]}}