{"id":16202,"date":"2020-11-28T18:58:34","date_gmt":"2020-11-28T21:58:34","guid":{"rendered":"https:\/\/pinews.com.br\/?p=16202"},"modified":"2020-11-28T18:58:34","modified_gmt":"2020-11-28T21:58:34","slug":"caminhao-carregado-de-tijolos-capota-apos-descer-ladeira-de-re-e-mata-motorista-no-piaui","status":"publish","type":"post","link":"https:\/\/pinews.com.br\/index.php\/2020\/11\/28\/caminhao-carregado-de-tijolos-capota-apos-descer-ladeira-de-re-e-mata-motorista-no-piaui\/","title":{"rendered":"Caminh\u00e3o carregado de tijolos capota ap\u00f3s descer ladeira de r\u00e9 e mata motorista no Piau\u00ed"},"content":{"rendered":"\n<p>Um motorista identificado como Renato Alves da Silva, 23 anos, morreu na manh\u00e3 deste s\u00e1bado (28) ap\u00f3s o caminh\u00e3o que dirigia capotar na zona rural de Barras, Norte do Piau\u00ed. Duas pessoas que estavam no ve\u00edculo, decidiram pular e sofreram ferimentos leves.<\/p>\n\n\n\n<p>De acordo com o sargento Francisco de Castro, da Pol\u00edcia Militar de Barras, o caminh\u00e3o estava carregado de tijolos e apresentou defeito ao subir uma ladeira, descendo de r\u00e9. O motorista ficou tentando controlar o ve\u00edculo.<\/p>\n\n\n\n<p>&#8220;O acidente aconteceu na localidade Altos dos Matias. O motorista iria fazer a entrega de um milheiro de tijolos, quando o caminh\u00e3o perdeu for\u00e7a na subida da ladeira e desceu de r\u00e9, em seguida capotou&#8221;, informou o sargento.<\/p>\n\n\n\n<p>Segundo o policial, a v\u00edtima ainda chegou a sair do caminh\u00e3o depois do acidente, andou dois metros, mas morreu no local. O corpo foi removido pelo Instituto M\u00e9dico Legal (IML) de Teresina.<\/p>\n\n\n\n<p><strong>Fonte: G1 PI <\/strong><\/p>\n","protected":false},"excerpt":{"rendered":"<p>Um motorista identificado como Renato Alves da Silva, 23 anos, morreu na manh\u00e3 deste s\u00e1bado (28) ap\u00f3s o caminh\u00e3o que dirigia capotar na zona rural de Barras, Norte do Piau\u00ed. Duas pessoas que estavam no ve\u00edculo, decidiram pular e sofreram ferimentos leves. De acordo com o sargento Francisco de Castro, da Pol\u00edcia Militar de Barras, [&hellip;]<\/p>\n","protected":false},"author":1,"featured_media":16203,"comment_status":"open","ping_status":"open","sticky":false,"template":"","format":"standard","meta":{"beyondwords_generate_audio":"","beyondwords_project_id":"","beyondwords_podcast_id":"","beyondwords_hash":"","beyondwords_error_message":"","beyondwords_disabled":"","publish_post_to_speechkit":"","speechkit_generate_audio":"","speechkit_project_id":"","speechkit_podcast_id":"","speechkit_hash":"","speechkit_error_message":"","speechkit_disabled":"","speechkit_access_key":"","speechkit_error":"","speechkit_info":"","speechkit_response":"","speechkit_retries":"","_speechkit_link":"","_speechkit_text":""},"categories":[51],"tags":[70,188,868,864,44,5630,3278,49,58,52,5803,6767],"jetpack_featured_media_url":"","_links":{"self":[{"href":"https:\/\/pinews.com.br\/index.php\/wp-json\/wp\/v2\/posts\/16202"}],"collection":[{"href":"https:\/\/pinews.com.br\/index.php\/wp-json\/wp\/v2\/posts"}],"about":[{"href":"https:\/\/pinews.com.br\/index.php\/wp-json\/wp\/v2\/types\/post"}],"author":[{"embeddable":true,"href":"https:\/\/pinews.com.br\/index.php\/wp-json\/wp\/v2\/users\/1"}],"replies":[{"embeddable":true,"href":"https:\/\/pinews.com.br\/index.php\/wp-json\/wp\/v2\/comments?post=16202"}],"version-history":[{"count":0,"href":"https:\/\/pinews.com.br\/index.php\/wp-json\/wp\/v2\/posts\/16202\/revisions"}],"wp:featuredmedia":[{"embeddable":true,"href":"https:\/\/pinews.com.br\/index.php\/wp-json\/"}],"wp:attachment":[{"href":"https:\/\/pinews.com.br\/index.php\/wp-json\/wp\/v2\/media?parent=16202"}],"wp:term":[{"taxonomy":"category","embeddable":true,"href":"https:\/\/pinews.com.br\/index.php\/wp-json\/wp\/v2\/categories?post=16202"},{"taxonomy":"post_tag","embeddable":true,"href":"https:\/\/pinews.com.br\/index.php\/wp-json\/wp\/v2\/tags?post=16202"}],"curies":[{"name":"wp","href":"https:\/\/api.w.org\/{rel}","templated":true}]}}