{"id":16333,"date":"2020-12-02T11:22:26","date_gmt":"2020-12-02T14:22:26","guid":{"rendered":"https:\/\/pinews.com.br\/?p=16333"},"modified":"2020-12-02T11:22:26","modified_gmt":"2020-12-02T14:22:26","slug":"mec-determina-volta-as-aulas-presenciais-a-partir-de-janeiro","status":"publish","type":"post","link":"https:\/\/pinews.com.br\/index.php\/2020\/12\/02\/mec-determina-volta-as-aulas-presenciais-a-partir-de-janeiro\/","title":{"rendered":"MEC determina volta \u00e0s aulas presenciais a partir de janeiro"},"content":{"rendered":"\n<p>O&nbsp;<em>Di\u00e1rio Oficial da Uni\u00e3o<\/em>&nbsp;publica, nesta quarta-feira (2),&nbsp;<a href=\"https:\/\/www.in.gov.br\/web\/dou\/-\/portaria-n-1.030-de-1-de-dezembro-de-2020-291532789\" target=\"_blank\" rel=\"noreferrer noopener\">portaria do Minist\u00e9rio da Educa\u00e7\u00e3o (MEC)<\/a>, determinando que institui\u00e7\u00f5es federais de ensino superior voltem \u00e0s aulas presenciais, a partir de 4 de janeiro de 2021. Para isso, as institui\u00e7\u00f5es devem adotar um &#8220;protocolo de biosseguran\u00e7a&#8221;, definido na&nbsp;<a href=\"https:\/\/www.in.gov.br\/en\/web\/dou\/-\/portaria-n-572-de-1-de-julho-de-2020-264670332\" target=\"_blank\" rel=\"noreferrer noopener\">Portaria MEC n\u00ba 572, de 1\u00ba de julho de 2020<\/a>, contra a propaga\u00e7\u00e3o do novo coronav\u00edrus (covid-19).<img decoding=\"async\" src=\"https:\/\/agenciabrasil.ebc.com.br\/ebc.png?id=1395218&amp;o=node\"><img decoding=\"async\" src=\"https:\/\/agenciabrasil.ebc.com.br\/ebc.gif?id=1395218&amp;o=node\"><\/p>\n\n\n\n<p>O documento estabelece ainda a ado\u00e7\u00e3o de recursos educacionais digitais, tecnologias de informa\u00e7\u00e3o e comunica\u00e7\u00e3o ou outros meios convencionais, que dever\u00e3o ser \u201cutilizados de forma complementar, em car\u00e1ter excepcional, para integraliza\u00e7\u00e3o da carga hor\u00e1ria das atividades pedag\u00f3gicas\u201d.<\/p>\n\n\n\n<p>O texto da portaria diz, tamb\u00e9m, que as \u201cpr\u00e1ticas profissionais de est\u00e1gios ou as que exijam laborat\u00f3rios especializados, a aplica\u00e7\u00e3o da excepcionalidade\u201d, devem obedecer \u00e0s Diretrizes Nacionais Curriculares aprovadas pelo Conselho Nacional de Educa\u00e7\u00e3o (CNE), \u201cficando vedada a aplica\u00e7\u00e3o da excepcionalidade aos cursos que n\u00e3o estejam disciplinados pelo CNE\u201d.<\/p>\n\n\n\n<p>O documento estabelece que, especificamente para o curso de medicina, &#8220;fica autorizada a excepcionalidade apenas \u00e0s disciplinas te\u00f3rico-cognitivas do primeiro ao quarto ano do curso, conforme disciplinado pelo CNE&#8221;.<\/p>\n\n\n\n<p><strong>Fonte: Ag\u00eancia Brasil <\/strong><\/p>\n","protected":false},"excerpt":{"rendered":"<p>O&nbsp;Di\u00e1rio Oficial da Uni\u00e3o&nbsp;publica, nesta quarta-feira (2),&nbsp;portaria do Minist\u00e9rio da Educa\u00e7\u00e3o (MEC), determinando que institui\u00e7\u00f5es federais de ensino superior voltem \u00e0s aulas presenciais, a partir de 4 de janeiro de 2021. Para isso, as institui\u00e7\u00f5es devem adotar um &#8220;protocolo de biosseguran\u00e7a&#8221;, definido na&nbsp;Portaria MEC n\u00ba 572, de 1\u00ba de julho de 2020, contra a propaga\u00e7\u00e3o [&hellip;]<\/p>\n","protected":false},"author":1,"featured_media":16334,"comment_status":"open","ping_status":"open","sticky":false,"template":"","format":"standard","meta":{"beyondwords_generate_audio":"","beyondwords_project_id":"","beyondwords_podcast_id":"","beyondwords_hash":"","beyondwords_error_message":"","beyondwords_disabled":"","publish_post_to_speechkit":"","speechkit_generate_audio":"","speechkit_project_id":"","speechkit_podcast_id":"","speechkit_hash":"","speechkit_error_message":"","speechkit_disabled":"","speechkit_access_key":"","speechkit_error":"","speechkit_info":"","speechkit_response":"","speechkit_retries":"","_speechkit_link":"","_speechkit_text":""},"categories":[394,134],"tags":[623,5525,44,6826,1787,1253,5303,5528,3342],"jetpack_featured_media_url":"","_links":{"self":[{"href":"https:\/\/pinews.com.br\/index.php\/wp-json\/wp\/v2\/posts\/16333"}],"collection":[{"href":"https:\/\/pinews.com.br\/index.php\/wp-json\/wp\/v2\/posts"}],"about":[{"href":"https:\/\/pinews.com.br\/index.php\/wp-json\/wp\/v2\/types\/post"}],"author":[{"embeddable":true,"href":"https:\/\/pinews.com.br\/index.php\/wp-json\/wp\/v2\/users\/1"}],"replies":[{"embeddable":true,"href":"https:\/\/pinews.com.br\/index.php\/wp-json\/wp\/v2\/comments?post=16333"}],"version-history":[{"count":0,"href":"https:\/\/pinews.com.br\/index.php\/wp-json\/wp\/v2\/posts\/16333\/revisions"}],"wp:featuredmedia":[{"embeddable":true,"href":"https:\/\/pinews.com.br\/index.php\/wp-json\/"}],"wp:attachment":[{"href":"https:\/\/pinews.com.br\/index.php\/wp-json\/wp\/v2\/media?parent=16333"}],"wp:term":[{"taxonomy":"category","embeddable":true,"href":"https:\/\/pinews.com.br\/index.php\/wp-json\/wp\/v2\/categories?post=16333"},{"taxonomy":"post_tag","embeddable":true,"href":"https:\/\/pinews.com.br\/index.php\/wp-json\/wp\/v2\/tags?post=16333"}],"curies":[{"name":"wp","href":"https:\/\/api.w.org\/{rel}","templated":true}]}}