{"id":16345,"date":"2020-12-03T10:26:35","date_gmt":"2020-12-03T13:26:35","guid":{"rendered":"https:\/\/pinews.com.br\/?p=16345"},"modified":"2020-12-03T10:26:35","modified_gmt":"2020-12-03T13:26:35","slug":"picos-lanca-edital-de-r150-mil-para-premiar-projetos-culturais","status":"publish","type":"post","link":"https:\/\/pinews.com.br\/index.php\/2020\/12\/03\/picos-lanca-edital-de-r150-mil-para-premiar-projetos-culturais\/","title":{"rendered":"Picos lan\u00e7a edital de R$150 mil para premiar projetos culturais"},"content":{"rendered":"\n<p>Institui\u00e7\u00f5es e coletivos culturais de Picos poder\u00e3o concorrer a premia\u00e7\u00e3o de seis mil reais, por meio do edital 03\/2020, da Secretaria Municipal de Cultura (SECULT). No total, 25 projetos ser\u00e3o contemplados e receber\u00e3o o pr\u00eamio em parcela \u00fanica, somando a quantia de R$ 150 mil reais, atrav\u00e9s de recursos federais oriundos da Lei Aldir Blanc.<\/p>\n\n\n\n<p>As inscri\u00e7\u00f5es podem ser realizadas a partir desta quarta-feira (2), seguindo at\u00e9 o pr\u00f3ximo dia 7,&nbsp; de forma presencial, na Secretaria Municipal de Cultura, no hor\u00e1rio de 8 \u00e0s 12 horas.<\/p>\n\n\n\n<p>Projetos locais mantidos por institui\u00e7\u00f5es e coletivos culturais, como grupos de capoeira, terreiros de matrizes africanas, microempresas, cooperativas de arte, poder\u00e3o concorrer, desde que estejam cadastrados no mapeamento cultural de Picos.<\/p>\n\n\n\n<p><a href=\"https:\/\/www2.picos.pi.gov.br\/secretarias\/cultura\/98-artistas-e-18-espacos-culturais-ja-se-cadastraram-no-mapeamento\/\" target=\"_blank\" rel=\"noreferrer noopener\"><strong>Mapeamento cultural de Picos<\/strong><\/a><\/p>\n\n\n\n<p>Ser\u00e3o premiadas as 25 (vinte e cinco) iniciativas que apresentarem a documenta\u00e7\u00e3o solicitada e forem selecionadas dentro dos crit\u00e9rios estabelecidos em&nbsp;<a href=\"http:\/\/www2.picos.pi.gov.br\/wp-content\/uploads\/2020\/12\/EDITAL-N%C2%BA-03.pdf\" target=\"_blank\" rel=\"noreferrer noopener\"><strong>Edital<\/strong><\/a>, ser\u00e3o certificadas pela Comiss\u00e3o T\u00e9cnica de Execu\u00e7\u00e3o da Lei Aldir Blanc, conforme Decreto Municipal n\u00ba 111, de 27 de agosto de 2020 e estar\u00e3o em lista inserida no Di\u00e1rio Oficial dos Munic\u00edpios, sendo de responsabilidade dos mesmos o acompanhamento das atualiza\u00e7\u00f5es nesse sentido.<\/p>\n\n\n\n<p>Segundo o secret\u00e1rio de Cultura Lincon Rodrigues, a finalidade \u00e9 ajudar produtores culturais afetados financeiramente pela pandemia. \u201cPensamos nesse edital como mais uma forma de auxiliar um dos seguimentos mais afetados pela crise mundial do ano de 2020. Para isso, realizaremos uma sele\u00e7\u00e3o democr\u00e1tica\u201d, explica.<\/p>\n\n\n\n<p><strong>Outros aux\u00edlios emergenciais<\/strong><br>Al\u00e9m desse edital emergencial, a SECULT j\u00e1 lan\u00e7ou outros dois. O primeiro, no \u00faltimo m\u00eas de julho, selecionou 15 artistas para a participa\u00e7\u00e3o do projeto Live Solid\u00e1ria Picos Dendi\u2019casa, com premia\u00e7\u00e3o de R$ 400, cada. O segundo edital diz respeito ao pagamento de aux\u00edlio emergencial da classe art\u00edstica-cultural, em andamento.<\/p>\n\n\n\n<p><strong>Fonte: Cidade Verde <\/strong><\/p>\n","protected":false},"excerpt":{"rendered":"<p>Institui\u00e7\u00f5es e coletivos culturais de Picos poder\u00e3o concorrer a premia\u00e7\u00e3o de seis mil reais, por meio do edital 03\/2020, da Secretaria Municipal de Cultura (SECULT). No total, 25 projetos ser\u00e3o contemplados e receber\u00e3o o pr\u00eamio em parcela \u00fanica, somando a quantia de R$ 150 mil reais, atrav\u00e9s de recursos federais oriundos da Lei Aldir Blanc. [&hellip;]<\/p>\n","protected":false},"author":1,"featured_media":16346,"comment_status":"open","ping_status":"open","sticky":false,"template":"","format":"standard","meta":{"beyondwords_generate_audio":"","beyondwords_project_id":"","beyondwords_podcast_id":"","beyondwords_hash":"","beyondwords_error_message":"","beyondwords_disabled":"","publish_post_to_speechkit":"","speechkit_generate_audio":"","speechkit_project_id":"","speechkit_podcast_id":"","speechkit_hash":"","speechkit_error_message":"","speechkit_disabled":"","speechkit_access_key":"","speechkit_error":"","speechkit_info":"","speechkit_response":"","speechkit_retries":"","_speechkit_link":"","_speechkit_text":""},"categories":[51,126],"tags":[6828,44,5821,6829,109,350,125,6830,6831,6832],"jetpack_featured_media_url":"","_links":{"self":[{"href":"https:\/\/pinews.com.br\/index.php\/wp-json\/wp\/v2\/posts\/16345"}],"collection":[{"href":"https:\/\/pinews.com.br\/index.php\/wp-json\/wp\/v2\/posts"}],"about":[{"href":"https:\/\/pinews.com.br\/index.php\/wp-json\/wp\/v2\/types\/post"}],"author":[{"embeddable":true,"href":"https:\/\/pinews.com.br\/index.php\/wp-json\/wp\/v2\/users\/1"}],"replies":[{"embeddable":true,"href":"https:\/\/pinews.com.br\/index.php\/wp-json\/wp\/v2\/comments?post=16345"}],"version-history":[{"count":0,"href":"https:\/\/pinews.com.br\/index.php\/wp-json\/wp\/v2\/posts\/16345\/revisions"}],"wp:featuredmedia":[{"embeddable":true,"href":"https:\/\/pinews.com.br\/index.php\/wp-json\/"}],"wp:attachment":[{"href":"https:\/\/pinews.com.br\/index.php\/wp-json\/wp\/v2\/media?parent=16345"}],"wp:term":[{"taxonomy":"category","embeddable":true,"href":"https:\/\/pinews.com.br\/index.php\/wp-json\/wp\/v2\/categories?post=16345"},{"taxonomy":"post_tag","embeddable":true,"href":"https:\/\/pinews.com.br\/index.php\/wp-json\/wp\/v2\/tags?post=16345"}],"curies":[{"name":"wp","href":"https:\/\/api.w.org\/{rel}","templated":true}]}}