{"id":16387,"date":"2020-12-04T11:37:01","date_gmt":"2020-12-04T14:37:01","guid":{"rendered":"https:\/\/pinews.com.br\/?p=16387"},"modified":"2020-12-04T11:37:01","modified_gmt":"2020-12-04T14:37:01","slug":"segunda-etapa-de-vacinacao-contra-a-febre-aftosa-e-prorrogada-no-piaui-e-mais-12-estados","status":"publish","type":"post","link":"https:\/\/pinews.com.br\/index.php\/2020\/12\/04\/segunda-etapa-de-vacinacao-contra-a-febre-aftosa-e-prorrogada-no-piaui-e-mais-12-estados\/","title":{"rendered":"Segunda etapa de vacina\u00e7\u00e3o contra a febre aftosa \u00e9 prorrogada no Piau\u00ed e mais 12 estados"},"content":{"rendered":"\n<p>A segunda etapa da campanha de vacina\u00e7\u00e3o contra a febre aftosa, que inicialmente terminaria no dia 30 de novembro, foi prorrogada em 13 unidades federativas do Brasil. A amplia\u00e7\u00e3o do prazo foi avaliada e autorizada pelo Minist\u00e9rio da Agricultura, Pecu\u00e1ria e Abastecimento (Mapa).<\/p>\n\n\n\n<p>Nessa etapa, s\u00e3o vacinados bovinos e bubalinos com at\u00e9 2 anos de idade, na maioria dos estados brasileiros, conforme o Calend\u00e1rio Nacional de Vacina\u00e7\u00e3o 2020.<\/p>\n\n\n\n<p><strong>Os pecuaristas ter\u00e3o os seguintes prazos:<\/strong><\/p>\n\n\n\n<p>Sergipe e Distrito Federal: at\u00e9 a pr\u00f3xima sexta-feira (4);<\/p>\n\n\n\n<p>Mato Grosso: at\u00e9 o dia 10 de dezembro;<\/p>\n\n\n\n<p>Maranh\u00e3o: at\u00e9 o dia 14 de dezembro;<\/p>\n\n\n\n<p>Piau\u00ed, Pernambuco, Esp\u00edrito Santo, Alagoas, Rio de Janeiro e Rio Grande do Norte: at\u00e9 o dia 15 de dezembro;<\/p>\n\n\n\n<p>Cear\u00e1: at\u00e9 o dia 19 de dezembro; e<\/p>\n\n\n\n<p>Amap\u00e1 e Para\u00edba: at\u00e9 o dia 31 de dezembro.<\/p>\n\n\n\n<p>As vacinas devem ser adquiridas nas revendas autorizadas e mantidas entre 2\u00b0C e 8\u00b0C, desde a aquisi\u00e7\u00e3o at\u00e9 o momento da utiliza\u00e7\u00e3o \u2013 incluindo o transporte e a aplica\u00e7\u00e3o, j\u00e1 na fazenda. Devem ser usadas agulhas novas para aplica\u00e7\u00e3o da dose de 2 ml na t\u00e1bua do pesco\u00e7o de cada animal, preferindo as horas mais frescas do dia, para fazer a conten\u00e7\u00e3o adequada dos animais e a aplica\u00e7\u00e3o da vacina.<\/p>\n\n\n\n<p>Al\u00e9m da vacina\u00e7\u00e3o, o produtor deve fazer a comprova\u00e7\u00e3o junto ao \u00f3rg\u00e3o de defesa sanit\u00e1ria animal do estado ou do DF. A declara\u00e7\u00e3o da vacina pode ser entregue de forma on-line ou, quando n\u00e3o for poss\u00edvel, presencialmente nos postos designados pelo servi\u00e7o veterin\u00e1rio estadual nos prazos estipulados.<\/p>\n\n\n\n<p>Em caso de d\u00favidas, a orienta\u00e7\u00e3o \u00e9 para que procurem o \u00f3rg\u00e3o de defesa sanit\u00e1ria animal do estado ou do DF.<\/p>\n\n\n\n<p><strong>Fonte: Minist\u00e9rio da Agricultura, Pecu\u00e1ria e Abastecimento<\/strong><\/p>\n","protected":false},"excerpt":{"rendered":"<p>A segunda etapa da campanha de vacina\u00e7\u00e3o contra a febre aftosa, que inicialmente terminaria no dia 30 de novembro, foi prorrogada em 13 unidades federativas do Brasil. A amplia\u00e7\u00e3o do prazo foi avaliada e autorizada pelo Minist\u00e9rio da Agricultura, Pecu\u00e1ria e Abastecimento (Mapa). Nessa etapa, s\u00e3o vacinados bovinos e bubalinos com at\u00e9 2 anos de [&hellip;]<\/p>\n","protected":false},"author":1,"featured_media":16390,"comment_status":"open","ping_status":"open","sticky":false,"template":"","format":"standard","meta":{"beyondwords_generate_audio":"","beyondwords_project_id":"","beyondwords_podcast_id":"","beyondwords_hash":"","beyondwords_error_message":"","beyondwords_disabled":"","publish_post_to_speechkit":"","speechkit_generate_audio":"","speechkit_project_id":"","speechkit_podcast_id":"","speechkit_hash":"","speechkit_error_message":"","speechkit_disabled":"","speechkit_access_key":"","speechkit_error":"","speechkit_info":"","speechkit_response":"","speechkit_retries":"","_speechkit_link":"","_speechkit_text":""},"categories":[134,51],"tags":[191,6847,294,44,72,1271,6848,5651,76,52,4459,5589,347],"jetpack_featured_media_url":"","_links":{"self":[{"href":"https:\/\/pinews.com.br\/index.php\/wp-json\/wp\/v2\/posts\/16387"}],"collection":[{"href":"https:\/\/pinews.com.br\/index.php\/wp-json\/wp\/v2\/posts"}],"about":[{"href":"https:\/\/pinews.com.br\/index.php\/wp-json\/wp\/v2\/types\/post"}],"author":[{"embeddable":true,"href":"https:\/\/pinews.com.br\/index.php\/wp-json\/wp\/v2\/users\/1"}],"replies":[{"embeddable":true,"href":"https:\/\/pinews.com.br\/index.php\/wp-json\/wp\/v2\/comments?post=16387"}],"version-history":[{"count":0,"href":"https:\/\/pinews.com.br\/index.php\/wp-json\/wp\/v2\/posts\/16387\/revisions"}],"wp:featuredmedia":[{"embeddable":true,"href":"https:\/\/pinews.com.br\/index.php\/wp-json\/"}],"wp:attachment":[{"href":"https:\/\/pinews.com.br\/index.php\/wp-json\/wp\/v2\/media?parent=16387"}],"wp:term":[{"taxonomy":"category","embeddable":true,"href":"https:\/\/pinews.com.br\/index.php\/wp-json\/wp\/v2\/categories?post=16387"},{"taxonomy":"post_tag","embeddable":true,"href":"https:\/\/pinews.com.br\/index.php\/wp-json\/wp\/v2\/tags?post=16387"}],"curies":[{"name":"wp","href":"https:\/\/api.w.org\/{rel}","templated":true}]}}