{"id":16442,"date":"2020-12-06T11:00:31","date_gmt":"2020-12-06T14:00:31","guid":{"rendered":"https:\/\/pinews.com.br\/?p=16442"},"modified":"2020-12-06T11:00:31","modified_gmt":"2020-12-06T14:00:31","slug":"13o-do-bolsa-familia-nao-deve-ser-pago-neste-ano","status":"publish","type":"post","link":"https:\/\/pinews.com.br\/index.php\/2020\/12\/06\/13o-do-bolsa-familia-nao-deve-ser-pago-neste-ano\/","title":{"rendered":"13\u00ba do Bolsa Fam\u00edlia n\u00e3o deve ser pago neste ano"},"content":{"rendered":"\n<p>Na conta de t\u00e9cnicos do governo, o pagamento do aux\u00edlio emergencial supriu a parcela extra que seria paga pelo programa social. Atualmente, o benefici\u00e1rio que recebia menos de R$ 300 pelo Bolsa Fam\u00edlia segue recebendo a parcela do aux\u00edlio criado durante a pandemia.<\/p>\n\n\n\n<p>No ano passado, Bolsonaro liberou o pagamento extra por meio de uma medida provis\u00f3ria. Na \u00e9poca, ele assegurou que o pagamento seria anual, mas, conforme apurou o&nbsp;Correio, uma nova MP sobre o tema n\u00e3o deve ser publicada para este ano.<\/p>\n\n\n\n<p>Para Michelle Saldanha, analista social, o dinheiro extra poderia auxiliar as fam\u00edlias, neste fim de ano, ainda mais prejudicado por causa da pandemia. \u201cTemos uma eleva\u00e7\u00e3o no pre\u00e7o dos itens b\u00e1sicos de consumo e uma economia afetada pela pandemia. Essa inje\u00e7\u00e3o na renda dessas fam\u00edlias ia ajudar na movimenta\u00e7\u00e3o de toda a cadeia econ\u00f4mica\u201d, afirma.<\/p>\n\n\n\n<p>O Minist\u00e9rio da Cidadania foi questionado pela reportagem sobre a defini\u00e7\u00e3o do abono natalino, mas n\u00e3o retornou.<\/p>\n\n\n\n<p><strong>Fonte: Correio Brasiliense<\/strong><\/p>\n","protected":false},"excerpt":{"rendered":"<p>Na conta de t\u00e9cnicos do governo, o pagamento do aux\u00edlio emergencial supriu a parcela extra que seria paga pelo programa social. Atualmente, o benefici\u00e1rio que recebia menos de R$ 300 pelo Bolsa Fam\u00edlia segue recebendo a parcela do aux\u00edlio criado durante a pandemia. No ano passado, Bolsonaro liberou o pagamento extra por meio de uma [&hellip;]<\/p>\n","protected":false},"author":1,"featured_media":16443,"comment_status":"open","ping_status":"open","sticky":false,"template":"","format":"standard","meta":{"beyondwords_generate_audio":"","beyondwords_project_id":"","beyondwords_podcast_id":"","beyondwords_hash":"","beyondwords_error_message":"","beyondwords_disabled":"","publish_post_to_speechkit":"","speechkit_generate_audio":"","speechkit_project_id":"","speechkit_podcast_id":"","speechkit_hash":"","speechkit_error_message":"","speechkit_disabled":"","speechkit_access_key":"","speechkit_error":"","speechkit_info":"","speechkit_response":"","speechkit_retries":"","_speechkit_link":"","_speechkit_text":""},"categories":[516,134],"tags":[6791,602,343,514,244,653,5711,5861,139],"jetpack_featured_media_url":"","_links":{"self":[{"href":"https:\/\/pinews.com.br\/index.php\/wp-json\/wp\/v2\/posts\/16442"}],"collection":[{"href":"https:\/\/pinews.com.br\/index.php\/wp-json\/wp\/v2\/posts"}],"about":[{"href":"https:\/\/pinews.com.br\/index.php\/wp-json\/wp\/v2\/types\/post"}],"author":[{"embeddable":true,"href":"https:\/\/pinews.com.br\/index.php\/wp-json\/wp\/v2\/users\/1"}],"replies":[{"embeddable":true,"href":"https:\/\/pinews.com.br\/index.php\/wp-json\/wp\/v2\/comments?post=16442"}],"version-history":[{"count":0,"href":"https:\/\/pinews.com.br\/index.php\/wp-json\/wp\/v2\/posts\/16442\/revisions"}],"wp:featuredmedia":[{"embeddable":true,"href":"https:\/\/pinews.com.br\/index.php\/wp-json\/"}],"wp:attachment":[{"href":"https:\/\/pinews.com.br\/index.php\/wp-json\/wp\/v2\/media?parent=16442"}],"wp:term":[{"taxonomy":"category","embeddable":true,"href":"https:\/\/pinews.com.br\/index.php\/wp-json\/wp\/v2\/categories?post=16442"},{"taxonomy":"post_tag","embeddable":true,"href":"https:\/\/pinews.com.br\/index.php\/wp-json\/wp\/v2\/tags?post=16442"}],"curies":[{"name":"wp","href":"https:\/\/api.w.org\/{rel}","templated":true}]}}