{"id":16507,"date":"2020-12-08T19:02:07","date_gmt":"2020-12-08T22:02:07","guid":{"rendered":"https:\/\/pinews.com.br\/?p=16507"},"modified":"2020-12-08T19:02:07","modified_gmt":"2020-12-08T22:02:07","slug":"wellington-dias-defende-que-todos-os-estados-vacinem-ao-mesmo-tempo","status":"publish","type":"post","link":"https:\/\/pinews.com.br\/index.php\/2020\/12\/08\/wellington-dias-defende-que-todos-os-estados-vacinem-ao-mesmo-tempo\/","title":{"rendered":"Wellington Dias defende que todos os estados vacinem ao mesmo tempo"},"content":{"rendered":"\n<p>O governador Wellington Dias (PT) defendeu nesta ter\u00e7a-feira (8) em reuni\u00e3o presencial com o ministro da Sa\u00fade, Eduardo Pazuello, que nenhum estado vacine a popula\u00e7\u00e3o contra a Covid-19 sem que outras unidades da Federa\u00e7\u00e3o fa\u00e7am o mesmo. A proposta do governador \u00e9 evitar discrimina\u00e7\u00e3o contra outros estados e permitir que a popula\u00e7\u00e3o de todo o pa\u00eds seja vacinada ao mesmo tempo.<\/p>\n\n\n\n<p>\u201cSe S\u00e3o Paulo anunciou que vai iniciar a imuniza\u00e7\u00e3o a partir de 25 de janeiro, ent\u00e3o o governo federal tem que garantir que outras unidades da Federa\u00e7\u00e3o tamb\u00e9m tenham as mesmas condi\u00e7\u00f5es\u201d, reclamou Wellington Dias, que presidente do Cons\u00f3rcio Nordeste e coordenador do tema da vacina no F\u00f3rum Nacional de Governadores.<\/p>\n\n\n\n<p>No encontro que teve tamb\u00e9m a presen\u00e7a de v\u00e1rios governadores, Wellington pediu que o Minist\u00e9rio da Sa\u00fade coordene a vacina\u00e7\u00e3o no Brasil, de forma a evitar que os estados fiquem adotando medidas de imuniza\u00e7\u00e3o de forma separada, como aconteceu no in\u00edcio da pandemia, em que os governadores precisam negociar separadamente a compra de EPIs e respiradores.<\/p>\n\n\n\n<figure class=\"wp-block-image\"><img decoding=\"async\" src=\"https:\/\/cidadeverde.com\/assets\/uploads\/noticias\/01ba8ec8537ba7e2b8ca7460b7e59202.jpg\" alt=\"\"\/><figcaption><em>Foto: Ascom\/governo do Piau\u00ed<br><\/em><\/figcaption><\/figure>\n\n\n\n<p>O governador solicitou ainda que o Minist\u00e9rio da Sa\u00fade, por meio da Ag\u00eancia Nacional de Vigil\u00e2ncia Sanit\u00e1ria (Anvisa) conceda uma licen\u00e7a especial para os laborat\u00f3rios que fabricam vacinas que j\u00e1 foram autorizadas pelas ag\u00eancias reguladoras de outros pa\u00edses, como a fabricante Pfizer, que j\u00e1 est\u00e1 sendo aplicada no Reino Unido e est\u00e1 prestes a ser autorizada pelos \u00f3rg\u00e3os sanit\u00e1rios dos Estados Unidos.<\/p>\n\n\n\n<p>A ideia que \u00e9 que uma vacina aprovada em pa\u00edses do exterior consiga em 72 horas numa autoriza\u00e7\u00e3o especial para ser usada no Brasil. Wellington Dias defendeu tamb\u00e9m que o pa\u00eds use vacinas de v\u00e1rios fabricantes, de forma que a imuniza\u00e7\u00e3o alcance mais pessoas em menor per\u00edodo de tempo.&nbsp;<\/p>\n\n\n\n<p>\u201cO governo garantiu que vai comprar pelo menos 400 milh\u00f5es de doses em 2021, para vacinar todos os brasileiros. Ser\u00e1&nbsp;vacinada uma parcela diferente de categorias consideradas mais vulner\u00e1veis ou expostas ao coronav\u00edrus.&nbsp;O Minist\u00e9rio da Sa\u00fade informou que a expectativa \u00e9 imunizar 109,5 milh\u00f5es de pessoas em 2021.<\/p>\n\n\n\n<figure class=\"wp-block-image\"><img decoding=\"async\" src=\"https:\/\/cidadeverde.com\/assets\/uploads\/noticias\/063f4e196ab040dde34b3b6c9701e473.jpg\" alt=\"\"\/><figcaption><em>Foto: Ascom\/governo do Piau\u00ed<\/em><br><\/figcaption><\/figure>\n\n\n\n<p><br>O governador Wellington Dias (PT) afirmou o encontro foi uma &#8220;vit\u00f3ria para o Brasil&#8221; e representou um retorno ao &#8220;eixo&#8221;.<\/p>\n\n\n\n<p>&#8220;Toda vacina comprada no Brasil ser\u00e1 sob a coordena\u00e7\u00e3o do Minist\u00e9rio (da Sa\u00fade)&#8221;, disse Dias em coletiva ap\u00f3s a reuni\u00e3o com Pazuello. O compromisso assumido nesta ter\u00e7a pelo ministro \u00e9 que todos os brasileiros que procurarem se vacinar tenham acesso ao imunizante. A principal demanda dos governadores era por uma lideran\u00e7a da pasta no processo de aquisi\u00e7\u00e3o e distribui\u00e7\u00e3o dos imunizantes. &#8220;A aus\u00eancia de uma coordena\u00e7\u00e3o nacional leva a desordem no Pa\u00eds&#8221;, opinou o governador.<\/p>\n\n\n\n<p>Segundo ele, n\u00e3o era &#8220;razo\u00e1vel&#8221; que S\u00e3o Paulo iniciasse a imuniza\u00e7\u00e3o no fim de janeiro e outros Estados n\u00e3o. Ontem, o governador paulista, Jo\u00e3o Doria (PSDB), anunciou que come\u00e7aria a vacinar a popula\u00e7\u00e3o em dia 25 de janeiro.<\/p>\n\n\n\n<p>Pelo acordo firmado hoje, destacou Dias, o governo se comprometeu a comprar doses da Coronavac, uma vez liberada pela Ag\u00eancia Nacional de Vigil\u00e2ncia Sanit\u00e1ria (Anvisa), demanda defendida por Doria desde o in\u00edcio da pandemia, segundo Dias. O imunizante chin\u00eas produzido em parceria com o Instituto Butant\u00e3 foi alvo de cr\u00edticas do presidente Jair Bolsonaro. O novo entendimento \u00e9 que se a vacina for certificada ser\u00e1 adquirida e distribu\u00edda.<\/p>\n\n\n\n<p>Tamb\u00e9m foi acordado hoje com os governadores que o Minist\u00e9rio da Sa\u00fade dever\u00e1 adquirir qualquer imunizante que for validado por uma das quatro autoridades regulat\u00f3rias sanit\u00e1rias internacionais j\u00e1 previstas na legisla\u00e7\u00e3o brasileira (Uni\u00e3o Europeia, China, Estados Unidos e Jap\u00e3o) e validados pela Anvisa.<\/p>\n\n\n\n<figure class=\"wp-block-image\"><img decoding=\"async\" src=\"https:\/\/cidadeverde.com\/assets\/uploads\/noticias\/a0f0b5ae38bef8fe05b22862a4fde8db.jpg\" alt=\"\"\/><figcaption><em>Foto: Ascom\/governo do Piau\u00ed<\/em><\/figcaption><\/figure>\n\n\n\n<p>&#8220;Pelo andar da terceira fase de v\u00e1rias vacinas, pela condi\u00e7\u00e3o que tem de proximamente a gente ter ag\u00eancias europeias, a americana, como j\u00e1 est\u00e1 acontecendo, da pr\u00f3pria China, h\u00e1 uma possibilidade real de ter em janeiro bem mais vacinas do que estava previsto no Plano de S\u00e3o Paulo. E nisso vai permitir que a gente tenha vacina em S\u00e3o Paulo, mas vacina tamb\u00e9m em outros lugares do Brasil&#8221;, disse o governador do Piau\u00ed.<\/p>\n\n\n\n<p>Dias informou ainda que Pazuello apresentou um plano estrat\u00e9gico para a vacina\u00e7\u00e3o no Pa\u00eds, que j\u00e1 inclui a previs\u00e3o de aquisi\u00e7\u00e3o de insumos e equipamentos de prote\u00e7\u00e3o individual. No encontro, ficou definido ainda que profissionais da educa\u00e7\u00e3o tamb\u00e9m entrar\u00e3o na lista de grupos priorit\u00e1rios para receber a imuniza\u00e7\u00e3o.<\/p>\n\n\n\n<p><strong>Fonte: Cidade Verde\/ Com informa\u00e7\u00f5es do governo do Estado e Estad\u00e3o Conte\u00fado<\/strong><\/p>\n","protected":false},"excerpt":{"rendered":"<p>O governador Wellington Dias (PT) defendeu nesta ter\u00e7a-feira (8) em reuni\u00e3o presencial com o ministro da Sa\u00fade, Eduardo Pazuello, que nenhum estado vacine a popula\u00e7\u00e3o contra a Covid-19 sem que outras unidades da Federa\u00e7\u00e3o fa\u00e7am o mesmo. A proposta do governador \u00e9 evitar discrimina\u00e7\u00e3o contra outros estados e permitir que a popula\u00e7\u00e3o de todo o [&hellip;]<\/p>\n","protected":false},"author":1,"featured_media":13655,"comment_status":"open","ping_status":"open","sticky":false,"template":"","format":"standard","meta":{"beyondwords_generate_audio":"","beyondwords_project_id":"","beyondwords_podcast_id":"","beyondwords_hash":"","beyondwords_error_message":"","beyondwords_disabled":"","publish_post_to_speechkit":"","speechkit_generate_audio":"","speechkit_project_id":"","speechkit_podcast_id":"","speechkit_hash":"","speechkit_error_message":"","speechkit_disabled":"","speechkit_access_key":"","speechkit_error":"","speechkit_info":"","speechkit_response":"","speechkit_retries":"","_speechkit_link":"","_speechkit_text":""},"categories":[134,51],"tags":[132,6833,787,1271,6085,974,5708,435,6907,5484],"jetpack_featured_media_url":"","_links":{"self":[{"href":"https:\/\/pinews.com.br\/index.php\/wp-json\/wp\/v2\/posts\/16507"}],"collection":[{"href":"https:\/\/pinews.com.br\/index.php\/wp-json\/wp\/v2\/posts"}],"about":[{"href":"https:\/\/pinews.com.br\/index.php\/wp-json\/wp\/v2\/types\/post"}],"author":[{"embeddable":true,"href":"https:\/\/pinews.com.br\/index.php\/wp-json\/wp\/v2\/users\/1"}],"replies":[{"embeddable":true,"href":"https:\/\/pinews.com.br\/index.php\/wp-json\/wp\/v2\/comments?post=16507"}],"version-history":[{"count":0,"href":"https:\/\/pinews.com.br\/index.php\/wp-json\/wp\/v2\/posts\/16507\/revisions"}],"wp:featuredmedia":[{"embeddable":true,"href":"https:\/\/pinews.com.br\/index.php\/wp-json\/"}],"wp:attachment":[{"href":"https:\/\/pinews.com.br\/index.php\/wp-json\/wp\/v2\/media?parent=16507"}],"wp:term":[{"taxonomy":"category","embeddable":true,"href":"https:\/\/pinews.com.br\/index.php\/wp-json\/wp\/v2\/categories?post=16507"},{"taxonomy":"post_tag","embeddable":true,"href":"https:\/\/pinews.com.br\/index.php\/wp-json\/wp\/v2\/tags?post=16507"}],"curies":[{"name":"wp","href":"https:\/\/api.w.org\/{rel}","templated":true}]}}