{"id":16538,"date":"2020-12-09T18:44:12","date_gmt":"2020-12-09T21:44:12","guid":{"rendered":"https:\/\/pinews.com.br\/?p=16538"},"modified":"2020-12-09T18:44:12","modified_gmt":"2020-12-09T21:44:12","slug":"mec-altera-cronograma-e-prouni-e-fies-terao-inscricoes-antes-da-prova-do-enem","status":"publish","type":"post","link":"https:\/\/pinews.com.br\/index.php\/2020\/12\/09\/mec-altera-cronograma-e-prouni-e-fies-terao-inscricoes-antes-da-prova-do-enem\/","title":{"rendered":"MEC altera cronograma, e Prouni e Fies ter\u00e3o inscri\u00e7\u00f5es antes da prova do Enem"},"content":{"rendered":"\n<p>Os estudantes que far\u00e3o o Enem (Exame Nacional do Ensino M\u00e9dio) em janeiro de 2021 n\u00e3o poder\u00e3o usar as notas da prova para tentar uma vaga no Prouni (Programa Universidade para Todos) e no Fies (Fundo de Financiamento Estudantil).<\/p>\n\n\n\n<p>O MEC (Minist\u00e9rio da Educa\u00e7\u00e3o) decidiu que as inscri\u00e7\u00f5es para os dois programas v\u00e3o acontecer antes da realiza\u00e7\u00e3o da prova e da divulga\u00e7\u00e3o dos resultados, assim o candidato que tentar uma vaga deve usar a nota do \u00faltimo exame. A mudan\u00e7a foi um pedido dos donos de faculdades particulares.<\/p>\n\n\n\n<p>O minist\u00e9rio divulgou que as inscri\u00e7\u00f5es para o Prouni devem ser feitas entre os dias 12 e 15 de janeiro. As do Fies, entre 26 e 29 de janeiro. As provas do Enem est\u00e3o marcadas para os dias 17 e 24 de janeiro, na vers\u00e3o impressa, e 31 de janeiro e 7 de fevereiro, na vers\u00e3o digital.<\/p>\n\n\n\n<p>O Enem ocorreria neste m\u00eas caso n\u00e3o tivesse sido adiado para janeiro e fevereiro de 2021 por press\u00e3o de secret\u00e1rios e parlamentares, preocupados com o fechamento de escolas na pandemia. O adiamento foi confirmado pelo minist\u00e9rio em maio.<\/p>\n\n\n\n<p>A decis\u00e3o sobre o cronograma, no entanto, s\u00f3 foi divulgada pelo MEC na \u00faltima sexta-feira (4). Com a mudan\u00e7a, s\u00f3 poder\u00e3o se inscrever nos programas quem j\u00e1 tiver feito o Enem em anos anteriores. Quem fizer a prova pela primeira vez em 2021, s\u00f3 poder\u00e1 tentar uma vaga no segundo semestre.<\/p>\n\n\n\n<p>A divulga\u00e7\u00e3o do cronograma surpreendeu os estudantes. A Ubes (Uni\u00e3o Brasileira dos Estudantes Secundaristas) tenta uma reuni\u00e3o com o ministro da Educa\u00e7\u00e3o, Milton Ribeiro, para entender a decis\u00e3o.<\/p>\n\n\n\n<p>\u201cQuando pedimos o adiamento do Enem, pedimos tamb\u00e9m para que nenhum estudante fosse prejudicado ou tivesse negado o acesso a qualquer programa. Agora, somos pegos de surpresa, com mudan\u00e7as em cima da hora\u201d, diz Rozana Barros, presidente da entidade.<\/p>\n\n\n\n<p>A principal preocupa\u00e7\u00e3o dos estudantes \u00e9 com a oferta de vagas no segundo semestre, j\u00e1 que tradicionalmente, nesse per\u00edodo, s\u00f3 s\u00e3o ofertadas as que n\u00e3o foram preenchidas no in\u00edcio do ano.<\/p>\n\n\n\n<p>Questionado, o MEC n\u00e3o informou como ser\u00e1 a distribui\u00e7\u00e3o das vagas nos dois programas no pr\u00f3ximo ano.<\/p>\n\n\n\n<p>A mudan\u00e7a no cronograma foi um pedido dos donos de faculdade para n\u00e3o atrasar o pr\u00f3ximo semestre letivo em suas institui\u00e7\u00f5es de ensino. Como o resultado do Enem s\u00f3 ser\u00e1 divulgado em 29 de mar\u00e7o, a sele\u00e7\u00e3o para o programa s\u00f3 ocorreria em abril, deixando menos de tr\u00eas meses para completar o primeiro semestre letivo.<\/p>\n\n\n\n<p>\u201cOs alunos n\u00e3o ser\u00e3o prejudicados porque poder\u00e3o se inscrever para o segundo semestre. Era invi\u00e1vel esperar at\u00e9 o fim de mar\u00e7o para iniciar a sele\u00e7\u00e3o, o aluno j\u00e1 entraria na faculdade reprovado por falta\u201d, diz S\u00f3lon Caldas, diretor executivo da Abmes (Associa\u00e7\u00e3o Brasileira de Mantenedoras de Ensino Superior).<\/p>\n\n\n\n<p><strong>Fonte: 180Graus<\/strong><\/p>\n","protected":false},"excerpt":{"rendered":"<p>Os estudantes que far\u00e3o o Enem (Exame Nacional do Ensino M\u00e9dio) em janeiro de 2021 n\u00e3o poder\u00e3o usar as notas da prova para tentar uma vaga no Prouni (Programa Universidade para Todos) e no Fies (Fundo de Financiamento Estudantil). O MEC (Minist\u00e9rio da Educa\u00e7\u00e3o) decidiu que as inscri\u00e7\u00f5es para os dois programas v\u00e3o acontecer antes [&hellip;]<\/p>\n","protected":false},"author":1,"featured_media":16334,"comment_status":"open","ping_status":"open","sticky":false,"template":"","format":"standard","meta":{"beyondwords_generate_audio":"","beyondwords_project_id":"","beyondwords_podcast_id":"","beyondwords_hash":"","beyondwords_error_message":"","beyondwords_disabled":"","publish_post_to_speechkit":"","speechkit_generate_audio":"","speechkit_project_id":"","speechkit_podcast_id":"","speechkit_hash":"","speechkit_error_message":"","speechkit_disabled":"","speechkit_access_key":"","speechkit_error":"","speechkit_info":"","speechkit_response":"","speechkit_retries":"","_speechkit_link":"","_speechkit_text":""},"categories":[394,134],"tags":[6921,6922,6923,122,395,1185,1186,1253,1302,5765,5619],"jetpack_featured_media_url":"","_links":{"self":[{"href":"https:\/\/pinews.com.br\/index.php\/wp-json\/wp\/v2\/posts\/16538"}],"collection":[{"href":"https:\/\/pinews.com.br\/index.php\/wp-json\/wp\/v2\/posts"}],"about":[{"href":"https:\/\/pinews.com.br\/index.php\/wp-json\/wp\/v2\/types\/post"}],"author":[{"embeddable":true,"href":"https:\/\/pinews.com.br\/index.php\/wp-json\/wp\/v2\/users\/1"}],"replies":[{"embeddable":true,"href":"https:\/\/pinews.com.br\/index.php\/wp-json\/wp\/v2\/comments?post=16538"}],"version-history":[{"count":0,"href":"https:\/\/pinews.com.br\/index.php\/wp-json\/wp\/v2\/posts\/16538\/revisions"}],"wp:featuredmedia":[{"embeddable":true,"href":"https:\/\/pinews.com.br\/index.php\/wp-json\/"}],"wp:attachment":[{"href":"https:\/\/pinews.com.br\/index.php\/wp-json\/wp\/v2\/media?parent=16538"}],"wp:term":[{"taxonomy":"category","embeddable":true,"href":"https:\/\/pinews.com.br\/index.php\/wp-json\/wp\/v2\/categories?post=16538"},{"taxonomy":"post_tag","embeddable":true,"href":"https:\/\/pinews.com.br\/index.php\/wp-json\/wp\/v2\/tags?post=16538"}],"curies":[{"name":"wp","href":"https:\/\/api.w.org\/{rel}","templated":true}]}}