{"id":16569,"date":"2020-12-10T10:58:19","date_gmt":"2020-12-10T13:58:19","guid":{"rendered":"https:\/\/pinews.com.br\/?p=16569"},"modified":"2020-12-10T10:58:19","modified_gmt":"2020-12-10T13:58:19","slug":"mecanico-e-assassinado-com-tres-tiros-em-bar-no-piaui","status":"publish","type":"post","link":"https:\/\/pinews.com.br\/index.php\/2020\/12\/10\/mecanico-e-assassinado-com-tres-tiros-em-bar-no-piaui\/","title":{"rendered":"Mec\u00e2nico \u00e9 assassinado com tr\u00eas tiros em bar no Piau\u00ed"},"content":{"rendered":"\n<p><br>O mec\u00e2nico Francisleano Carvalho, de 37 anos, foi morto a tiros na noite de quarta-feira (10), no bairro Renascen\u00e7a, regi\u00e3o do Grande Dirceu, Zona Sudeste de&nbsp;Teresina.<\/p>\n\n\n\n<p>De acordo com a Pol\u00edcia Militar (PM), o homem estava em um bar com quatro mulheres quando, por volta das 21h, dois homens chegaram em uma moto de cor preta e atiraram pelo menos tr\u00eas vezes.<\/p>\n\n\n\n<p>Segundo informa\u00e7\u00f5es de testemunhas \u00e0 pol\u00edcia, uma das mulheres teria dito a localiza\u00e7\u00e3o do mec\u00e2nico aos atiradores.<\/p>\n\n\n\n<p>Nenhum suspeito foi preso ou identificado at\u00e9 o momento. A PM segue em dilig\u00eancias para tentar prender os autores do crime no per\u00edodo do flagrante.<\/p>\n\n\n\n<p>O Departamento de Pol\u00edcia T\u00e9cnico-Cient\u00edfica periciou o local do crime e o Departamento de Homic\u00eddio e Prote\u00e7\u00e3o \u00e0 Pessoa (DHPP) realizou os procedimentos iniciais para a investiga\u00e7\u00e3o.<\/p>\n\n\n\n<p>Ap\u00f3s os tr\u00e2mites, o corpo foi recolhido e levado para o Instituto de Medicina Legal (IML).<\/p>\n\n\n\n<p><strong>Fonte: G1 PI<\/strong><\/p>\n","protected":false},"excerpt":{"rendered":"<p>O mec\u00e2nico Francisleano Carvalho, de 37 anos, foi morto a tiros na noite de quarta-feira (10), no bairro Renascen\u00e7a, regi\u00e3o do Grande Dirceu, Zona Sudeste de&nbsp;Teresina. De acordo com a Pol\u00edcia Militar (PM), o homem estava em um bar com quatro mulheres quando, por volta das 21h, dois homens chegaram em uma moto de cor [&hellip;]<\/p>\n","protected":false},"author":1,"featured_media":16225,"comment_status":"open","ping_status":"open","sticky":false,"template":"","format":"standard","meta":{"beyondwords_generate_audio":"","beyondwords_project_id":"","beyondwords_podcast_id":"","beyondwords_hash":"","beyondwords_error_message":"","beyondwords_disabled":"","publish_post_to_speechkit":"","speechkit_generate_audio":"","speechkit_project_id":"","speechkit_podcast_id":"","speechkit_hash":"","speechkit_error_message":"","speechkit_disabled":"","speechkit_access_key":"","speechkit_error":"","speechkit_info":"","speechkit_response":"","speechkit_retries":"","_speechkit_link":"","_speechkit_text":""},"categories":[51,78,81],"tags":[364,1165,72,46,6938,52,165,239],"jetpack_featured_media_url":"","_links":{"self":[{"href":"https:\/\/pinews.com.br\/index.php\/wp-json\/wp\/v2\/posts\/16569"}],"collection":[{"href":"https:\/\/pinews.com.br\/index.php\/wp-json\/wp\/v2\/posts"}],"about":[{"href":"https:\/\/pinews.com.br\/index.php\/wp-json\/wp\/v2\/types\/post"}],"author":[{"embeddable":true,"href":"https:\/\/pinews.com.br\/index.php\/wp-json\/wp\/v2\/users\/1"}],"replies":[{"embeddable":true,"href":"https:\/\/pinews.com.br\/index.php\/wp-json\/wp\/v2\/comments?post=16569"}],"version-history":[{"count":0,"href":"https:\/\/pinews.com.br\/index.php\/wp-json\/wp\/v2\/posts\/16569\/revisions"}],"wp:featuredmedia":[{"embeddable":true,"href":"https:\/\/pinews.com.br\/index.php\/wp-json\/"}],"wp:attachment":[{"href":"https:\/\/pinews.com.br\/index.php\/wp-json\/wp\/v2\/media?parent=16569"}],"wp:term":[{"taxonomy":"category","embeddable":true,"href":"https:\/\/pinews.com.br\/index.php\/wp-json\/wp\/v2\/categories?post=16569"},{"taxonomy":"post_tag","embeddable":true,"href":"https:\/\/pinews.com.br\/index.php\/wp-json\/wp\/v2\/tags?post=16569"}],"curies":[{"name":"wp","href":"https:\/\/api.w.org\/{rel}","templated":true}]}}