{"id":16616,"date":"2020-12-11T19:07:53","date_gmt":"2020-12-11T22:07:53","guid":{"rendered":"https:\/\/pinews.com.br\/?p=16616"},"modified":"2020-12-11T19:07:53","modified_gmt":"2020-12-11T22:07:53","slug":"moto-roubada-no-sul-do-pais-e-recuperada-pela-prf-na-br-020-em-francisco-santos","status":"publish","type":"post","link":"https:\/\/pinews.com.br\/index.php\/2020\/12\/11\/moto-roubada-no-sul-do-pais-e-recuperada-pela-prf-na-br-020-em-francisco-santos\/","title":{"rendered":"Moto roubada no Sul do pa\u00eds \u00e9 recuperada pela PRF na BR-020 em Francisco Santos"},"content":{"rendered":"\n<p>Policiais Rodovi\u00e1rios Federais prenderam na manh\u00e3 de hoje (11) um homem de 62 anos acusado do crime de Recepta\u00e7\u00e3o. A a\u00e7\u00e3o foi desencadeada quando os policiais a abordaram na rodovia BR-020 no munic\u00edpio de Francisco Santos\/PI.<\/p>\n\n\n\n<p>No momento da abordagem, os policiais verificaram que a motocicleta estava sem a placa de identifica\u00e7\u00e3o e era conduzida por um homem sem capacete. Os policiais, ao checarem os elementos de identifica\u00e7\u00e3o, conclu\u00edram que a motocicleta havia sido tomada de assalto em 19\/10\/2020 na cidade de Gua\u00edra\/RS. Os policiais se surpreenderam que o ve\u00edculo havia sido tomado de assalto em uma cidade distante 3.762 quil\u00f4metros do local onde foi recuperado.<\/p>\n\n\n\n<p>O homem informou que adquiriu a motocicleta de terceiros no munic\u00edpio de Francisco Santos\/PI por R$ 2.500,00 em outubro desse ano e que n\u00e3o sabia da restri\u00e7\u00e3o.<\/p>\n\n\n\n<p>Desta forma, os policiais encaminharam o idoso e a motocicleta at\u00e9 \u00e0 Central de Flagrantes na cidade de Picos\/PI para os procedimentos necess\u00e1rios. O homem responder\u00e1 pelo crime de Recepta\u00e7\u00e3o.<\/p>\n\n\n\n<p><strong>Fonte: NUCOM-PR<\/strong><\/p>\n","protected":false},"excerpt":{"rendered":"<p>Policiais Rodovi\u00e1rios Federais prenderam na manh\u00e3 de hoje (11) um homem de 62 anos acusado do crime de Recepta\u00e7\u00e3o. A a\u00e7\u00e3o foi desencadeada quando os policiais a abordaram na rodovia BR-020 no munic\u00edpio de Francisco Santos\/PI. No momento da abordagem, os policiais verificaram que a motocicleta estava sem a placa de identifica\u00e7\u00e3o e era conduzida [&hellip;]<\/p>\n","protected":false},"author":1,"featured_media":16617,"comment_status":"open","ping_status":"open","sticky":false,"template":"","format":"standard","meta":{"beyondwords_generate_audio":"","beyondwords_project_id":"","beyondwords_podcast_id":"","beyondwords_hash":"","beyondwords_error_message":"","beyondwords_disabled":"","publish_post_to_speechkit":"","speechkit_generate_audio":"","speechkit_project_id":"","speechkit_podcast_id":"","speechkit_hash":"","speechkit_error_message":"","speechkit_disabled":"","speechkit_access_key":"","speechkit_error":"","speechkit_info":"","speechkit_response":"","speechkit_retries":"","_speechkit_link":"","_speechkit_text":""},"categories":[134,51,78],"tags":[357,72,46,702,304,91,998,103,104,6955,813,6138,120],"jetpack_featured_media_url":"","_links":{"self":[{"href":"https:\/\/pinews.com.br\/index.php\/wp-json\/wp\/v2\/posts\/16616"}],"collection":[{"href":"https:\/\/pinews.com.br\/index.php\/wp-json\/wp\/v2\/posts"}],"about":[{"href":"https:\/\/pinews.com.br\/index.php\/wp-json\/wp\/v2\/types\/post"}],"author":[{"embeddable":true,"href":"https:\/\/pinews.com.br\/index.php\/wp-json\/wp\/v2\/users\/1"}],"replies":[{"embeddable":true,"href":"https:\/\/pinews.com.br\/index.php\/wp-json\/wp\/v2\/comments?post=16616"}],"version-history":[{"count":0,"href":"https:\/\/pinews.com.br\/index.php\/wp-json\/wp\/v2\/posts\/16616\/revisions"}],"wp:featuredmedia":[{"embeddable":true,"href":"https:\/\/pinews.com.br\/index.php\/wp-json\/"}],"wp:attachment":[{"href":"https:\/\/pinews.com.br\/index.php\/wp-json\/wp\/v2\/media?parent=16616"}],"wp:term":[{"taxonomy":"category","embeddable":true,"href":"https:\/\/pinews.com.br\/index.php\/wp-json\/wp\/v2\/categories?post=16616"},{"taxonomy":"post_tag","embeddable":true,"href":"https:\/\/pinews.com.br\/index.php\/wp-json\/wp\/v2\/tags?post=16616"}],"curies":[{"name":"wp","href":"https:\/\/api.w.org\/{rel}","templated":true}]}}