{"id":16669,"date":"2020-12-14T11:09:42","date_gmt":"2020-12-14T14:09:42","guid":{"rendered":"https:\/\/pinews.com.br\/?p=16669"},"modified":"2020-12-14T11:09:42","modified_gmt":"2020-12-14T14:09:42","slug":"auxilio-emergencial-e-liberado-hoje-para-5-milhoes-de-beneficiarios","status":"publish","type":"post","link":"https:\/\/pinews.com.br\/index.php\/2020\/12\/14\/auxilio-emergencial-e-liberado-hoje-para-5-milhoes-de-beneficiarios\/","title":{"rendered":"Aux\u00edlio emergencial \u00e9 liberado hoje para 5 milh\u00f5es de benefici\u00e1rios"},"content":{"rendered":"\n<p>Cerca de 3,4 milh\u00f5es de benefici\u00e1rios do ciclo 6 de pagamentos do aux\u00edlio emergencial, nascidos em mar\u00e7o, receber\u00e3o R$ 1,2 bilh\u00e3o em suas contas poupan\u00e7a social digital, hoje (14). Desse total, 65,4 mil receber\u00e3o R$ 98,4 milh\u00f5es referentes \u00e0s parcelas do aux\u00edlio emergencial. Os demais, 3,3 milh\u00f5es, receber\u00e3o as parcelas do Aux\u00edlio Emergencial Extens\u00e3o, em um montante que totaliza&nbsp;R$ 1,1 bilh\u00e3o.<img decoding=\"async\" src=\"https:\/\/agenciabrasil.ebc.com.br\/ebc.png?id=1396349&amp;o=node\"><img decoding=\"async\" src=\"https:\/\/agenciabrasil.ebc.com.br\/ebc.gif?id=1396349&amp;o=node\"><\/p>\n\n\n\n<p>A partir de hoje, os valores podem ser movimentados pelo aplicativo Caixa Tem para pagamento de boletos ou nas casas lot\u00e9ricas, compras na internet e pelas maquininhas em mais de 1 milh\u00e3o de estabelecimentos comerciais.<\/p>\n\n\n\n<p>Saques e transfer\u00eancias para quem recebe o cr\u00e9dito nesta segunda-feira ser\u00e3o liberados a partir do dia 4 de janeiro de 2021.<\/p>\n\n\n\n<p>O benef\u00edcio criado em abril pelo Governo Federal foi estendido at\u00e9 31 de dezembro por meio da&nbsp;<a href=\"http:\/\/www.planalto.gov.br\/ccivil_03\/_ato2019-2022\/2020\/Mpv\/mpv1000.htm\" target=\"_blank\" rel=\"noreferrer noopener\">Medida Provis\u00f3ria (MP) n\u00ba 1000<\/a>. O Aux\u00edlio Emergencial Extens\u00e3o ser\u00e1 pago em at\u00e9 quatro parcelas de R$ 300 cada e, no caso das m\u00e3es chefes de fam\u00edlia monoparental, o valor \u00e9 de R$ 600.<\/p>\n\n\n\n<h2>Bolsa Fam\u00edlia<\/h2>\n\n\n\n<p>Tamb\u00e9m nesta segunda-feira, a Caixa realiza o pagamento da quarta parcela do Aux\u00edlio Emergencial Extens\u00e3o para os benefici\u00e1rios do programa Bolsa Fam\u00edlia. Cerca de 1,6 milh\u00e3o de pessoas com N\u00famero de Identifica\u00e7\u00e3o Social (NIS) 3 receber\u00e3o R$ 416,2 milh\u00f5es.<\/p>\n\n\n\n<p>Durante todo o m\u00eas de dezembro, 15,8 milh\u00f5es de pessoas cadastradas no programa que foram consideradas eleg\u00edveis v\u00e3o receber, no total, R$ 4,1 bilh\u00f5es.<\/p>\n\n\n\n<p>No caso do Bolsa Fam\u00edlia, o pagamento do aux\u00edlio segue os mesmos crit\u00e9rios e datas do benef\u00edcio regular do programa.<\/p>\n\n\n\n<p><strong>Fonte: Ag\u00eancia Brasil<\/strong><\/p>\n","protected":false},"excerpt":{"rendered":"<p>Cerca de 3,4 milh\u00f5es de benefici\u00e1rios do ciclo 6 de pagamentos do aux\u00edlio emergencial, nascidos em mar\u00e7o, receber\u00e3o R$ 1,2 bilh\u00e3o em suas contas poupan\u00e7a social digital, hoje (14). Desse total, 65,4 mil receber\u00e3o R$ 98,4 milh\u00f5es referentes \u00e0s parcelas do aux\u00edlio emergencial. Os demais, 3,3 milh\u00f5es, receber\u00e3o as parcelas do Aux\u00edlio Emergencial Extens\u00e3o, em [&hellip;]<\/p>\n","protected":false},"author":1,"featured_media":12794,"comment_status":"open","ping_status":"open","sticky":false,"template":"","format":"standard","meta":{"beyondwords_generate_audio":"","beyondwords_project_id":"","beyondwords_podcast_id":"","beyondwords_hash":"","beyondwords_error_message":"","beyondwords_disabled":"","publish_post_to_speechkit":"","speechkit_generate_audio":"","speechkit_project_id":"","speechkit_podcast_id":"","speechkit_hash":"","speechkit_error_message":"","speechkit_disabled":"","speechkit_access_key":"","speechkit_error":"","speechkit_info":"","speechkit_response":"","speechkit_retries":"","_speechkit_link":"","_speechkit_text":""},"categories":[516,134],"tags":[2647,833,44,72,3444,1379,5855,2331,350],"jetpack_featured_media_url":"","_links":{"self":[{"href":"https:\/\/pinews.com.br\/index.php\/wp-json\/wp\/v2\/posts\/16669"}],"collection":[{"href":"https:\/\/pinews.com.br\/index.php\/wp-json\/wp\/v2\/posts"}],"about":[{"href":"https:\/\/pinews.com.br\/index.php\/wp-json\/wp\/v2\/types\/post"}],"author":[{"embeddable":true,"href":"https:\/\/pinews.com.br\/index.php\/wp-json\/wp\/v2\/users\/1"}],"replies":[{"embeddable":true,"href":"https:\/\/pinews.com.br\/index.php\/wp-json\/wp\/v2\/comments?post=16669"}],"version-history":[{"count":0,"href":"https:\/\/pinews.com.br\/index.php\/wp-json\/wp\/v2\/posts\/16669\/revisions"}],"wp:featuredmedia":[{"embeddable":true,"href":"https:\/\/pinews.com.br\/index.php\/wp-json\/"}],"wp:attachment":[{"href":"https:\/\/pinews.com.br\/index.php\/wp-json\/wp\/v2\/media?parent=16669"}],"wp:term":[{"taxonomy":"category","embeddable":true,"href":"https:\/\/pinews.com.br\/index.php\/wp-json\/wp\/v2\/categories?post=16669"},{"taxonomy":"post_tag","embeddable":true,"href":"https:\/\/pinews.com.br\/index.php\/wp-json\/wp\/v2\/tags?post=16669"}],"curies":[{"name":"wp","href":"https:\/\/api.w.org\/{rel}","templated":true}]}}