{"id":16690,"date":"2020-12-14T19:16:13","date_gmt":"2020-12-14T22:16:13","guid":{"rendered":"https:\/\/pinews.com.br\/?p=16690"},"modified":"2020-12-14T19:16:13","modified_gmt":"2020-12-14T22:16:13","slug":"professor-de-literatura-lista-escritores-brasileiros-que-devem-estar-no-enem-2020","status":"publish","type":"post","link":"https:\/\/pinews.com.br\/index.php\/2020\/12\/14\/professor-de-literatura-lista-escritores-brasileiros-que-devem-estar-no-enem-2020\/","title":{"rendered":"Professor de literatura lista escritores brasileiros que devem estar no Enem 2020"},"content":{"rendered":"\n<p>A prova de literatura do Enem costuma preocupar os estudantes, que temem a quantidade de conte\u00fado que ter\u00e3o de esmiu\u00e7ar para garantir uma boa nota. Mas o professor R\u00f4mulo Arantes indica o caminho das pedras e lista aqui os autores que devem cair na prova.<\/p>\n\n\n\n<p><strong>Dica de ouro<\/strong>: em 2020, dois dos mais importantes escritores brasileiros completariam cem anos: o pernambucano&nbsp;Jo\u00e3o Cabral de Melo Neto&nbsp;e a&nbsp;naturalizada pernambucana&nbsp;e nascida na Ucr\u00e2nia&nbsp;Clarice Lispector.&nbsp;N\u00e3o esque\u00e7a deles!<\/p>\n\n\n\n<h2>Os principais autores para o Enem 2020<\/h2>\n\n\n\n<div class=\"wp-block-image\"><figure class=\"aligncenter\"><img decoding=\"async\" src=\"https:\/\/s2.glbimg.com\/_ySXE6-m1xaGxHXbfrwNYLAIhhQ=\/0x0:1280x853\/984x0\/smart\/filters:strip_icc()\/i.s3.glbimg.com\/v1\/AUTH_59edd422c0c84a879bd37670ae4f538a\/internal_photos\/bs\/2020\/X\/j\/hjqh88TdOWJYaFP3Xq3Q\/whatsapp-image-2020-12-10-at-19.09.00.jpeg\" alt=\"Professor R\u00f4mulo Arantes, de Literatura \u2014 Foto: Arquivo pessoal\"\/><figcaption>Professor R\u00f4mulo Arantes, de Literatura \u2014 Foto: Arquivo pessoal<\/figcaption><\/figure><\/div>\n\n\n\n<p>Segundo o professor R\u00f4mulo, \u00e9 essencial estudar os principais nomes das tr\u00eas grandes escolas liter\u00e1rias brasileira, e n\u00e3o correr o risco de ficar boiando sobre nenhuma delas: o romantismo (s\u00e9culo XIX), o modernismo (1920) e o p\u00f3s-modernismo (1945).<\/p>\n\n\n\n<h2>Romantismo<\/h2>\n\n\n\n<div class=\"wp-block-image\"><figure class=\"aligncenter\"><img decoding=\"async\" src=\"https:\/\/s2.glbimg.com\/6sJ_3u2VZ-k6OZuKmMXDG4gJnU0=\/0x0:1600x900\/984x0\/smart\/filters:strip_icc()\/i.s3.glbimg.com\/v1\/AUTH_59edd422c0c84a879bd37670ae4f538a\/internal_photos\/bs\/2020\/g\/I\/jSEuEFQPGy6FmATfl1rg\/foto1-saoluis.jpg\" alt=\"S\u00e3o Lu\u00eds, no Maranh\u00e3o, cidade natal de Gon\u00e7alves dias \u2014 Foto: Acervo Sebrae\"\/><figcaption>S\u00e3o Lu\u00eds, no Maranh\u00e3o, cidade natal de Gon\u00e7alves dias \u2014 Foto: Acervo Sebrae<\/figcaption><\/figure><\/div>\n\n\n\n<ul><li><strong>Gon\u00e7alves Dias<\/strong><strong>:<\/strong>&nbsp;poeta, professor, cr\u00edtico de hist\u00f3ria, etn\u00f3logo, nasceu em Caxias, no Maranh\u00e3o,&nbsp;em 10 de agosto de 1823. Entre as suas principais obras, est\u00e3o \u201cCan\u00e7\u00e3o do Ex\u00edlio\u201d, \u201cOs Timbiras\u201d, \u201cI-Juca Pirama\u201d.<\/li><li><strong>Alvares de Azevedo<\/strong>: poeta, contista e ensa\u00edsta, nasceu em S\u00e3o Paulo, a 12 de setembro de 1831. O escritor deixou obras marcantes para a literatura, como \u201cLira dos Vinte Anos\u201d, \u201cNoite na Taverna\u201d e \u201cMac\u00e1rio\u201d.<\/li><li><strong>Castro Alves<\/strong>: nasceu em Muritiba, BA, em 14 de mar\u00e7o de 1847, e ficou conhecido como o \u201cPoeta dos Escravos\u201d, por conta do seu trabalho de cunho abolicionista. Entre suas principais obras est\u00e3o \u201cO navio negreiro\u201d e \u201cOs escravos\u201d.<\/li><li><strong>Jos\u00e9 de Alencar<\/strong>: advogado,&nbsp;jornalista, pol\u00edtico, orador, romancista&nbsp;e teatr\u00f3logo,&nbsp;nasceu em Messejana (atual bairro de Fortaleza), Cear\u00e1, em 1\u00ba de maio de 1829. \u201cO Guarani\u201d, \u201cSenhora\u201d, \u201cTil\u201d, \u201cIracema\u201d e \u201cA Viuvinha\u201d s\u00e3o alguns romances importantes do autor, hist\u00f3rias publicadas inicialmente no formato folhetim.<\/li><\/ul>\n\n\n\n<h2>Modernismo<\/h2>\n\n\n\n<p><strong>Primeira fase:<\/strong><\/p>\n\n\n\n<div class=\"wp-block-image\"><figure class=\"aligncenter\"><img decoding=\"async\" src=\"https:\/\/s2.glbimg.com\/F0F2c0_vrDW9oxWX80PbGxcc8s4=\/0x0:3000x2000\/984x0\/smart\/filters:strip_icc()\/i.s3.glbimg.com\/v1\/AUTH_59edd422c0c84a879bd37670ae4f538a\/internal_photos\/bs\/2019\/X\/x\/3fy6zvTOm149I3etfvOA\/theatro-municipal-teatro-sao-paulo-f99a2159-celso-tavares-g1-.jpg\" alt=\"Theatro Municipal de S\u00e3o Paulo, onde aconteceu a Semana de Arte Moderna de 1922 \u2014 Foto: Celso Tavares\/G1\"\/><figcaption>Theatro Municipal de S\u00e3o Paulo, onde aconteceu a Semana de Arte Moderna de 1922 \u2014 Foto: Celso Tavares\/G1<\/figcaption><\/figure><\/div>\n\n\n\n<ul><li><strong>Oswald de Andrade<\/strong>: poeta, escritor, ensa\u00edsta e dramaturgo,&nbsp;nasceu em janeiro de 1890. Em suas viagens pelo exterior, Oswald conheceu as vertentes da arte moderna na Europa. Inspirado,&nbsp;voltou para o Brasil&nbsp;e escreveu os primeiros textos com estilo modernista.<\/li><li><strong>Mario de Andrade<\/strong>:&nbsp;poeta, escritor, cr\u00edtico liter\u00e1rio, music\u00f3logo, folclorista, ensa\u00edsta e fot\u00f3grafo brasileiro, nasceu em outubro de 1993. O escritor ajudou a organizar a Semana de Arte Moderna de 1922 ao lado do amigo Oswald de Andrade. Entre suas obras mais importantes do autor est\u00e3o \u201cAmar, verbo intransitivo\u201d, \u201cMacuna\u00edma\u201d e \u201cPaulic\u00e9ia Desvairada\u201d.<\/li><\/ul>\n\n\n\n<p><strong>Segunda fase<\/strong><\/p>\n\n\n\n<div class=\"wp-block-image\"><figure class=\"aligncenter\"><img decoding=\"async\" src=\"https:\/\/s2.glbimg.com\/1rK-DEeU7MQV96SErCfFCx_RiJQ=\/0x0:5768x3696\/984x0\/smart\/filters:strip_icc()\/i.s3.glbimg.com\/v1\/AUTH_59edd422c0c84a879bd37670ae4f538a\/internal_photos\/bs\/2020\/1\/9\/TiCYGrR9ubljNdHJuzwQ\/06.jpg\" alt=\"Est\u00e1tua de Carlos Drummond de Andrade recebe m\u00e1scara em Copacabana, Zona Sul do Rio \u2014 Foto: Marcos Serra Lima\/G1\"\/><figcaption>Est\u00e1tua de Carlos Drummond de Andrade recebe m\u00e1scara em Copacabana, Zona Sul do Rio \u2014 Foto: Marcos Serra Lima\/G1<\/figcaption><\/figure><\/div>\n\n\n\n<ul><li><strong>Manoel Bandeira<\/strong>:&nbsp;poeta, cr\u00edtico liter\u00e1rio e de arte,&nbsp;professor de literatura e tradutor, nasceu em outubro de 1968,&nbsp;em Recife, no Pernambuco.&nbsp;Entre suas principais obras&nbsp;est\u00e3o \u201cCarnaval\u201d e \u201cA cinza das horas\u201d. Seu poema \u201cOs Sapos\u201d, lido por Ronald de Carvalho, abriu a Semana de Arte Moderna de 1922.<\/li><li><strong>Cec\u00edlia Meireles<\/strong>: jornalista, pintora, poeta, escritora e professora brasileira,&nbsp;nasceu em novembro de 1901, em Rio Comprido (RJ).&nbsp;Al\u00e9m da carreira liter\u00e1ria, o papel na educa\u00e7\u00e3o tamb\u00e9m \u00e9 lembrado. Cec\u00edlia&nbsp;fundou a primeira biblioteca infantil&nbsp;do pa\u00eds. \u201cRomanceiro da Inconfid\u00eancia\u201d, \u201cViagem\u201d e \u201cOu isto ou aquilo\u201d s\u00e3o algumas obras que marcam sua carreira.<\/li><li><strong>Vin\u00edcius de Morais<\/strong>:&nbsp;poeta, dramaturgo, jornalista, diplomata, cantor e compositor, nascido em&nbsp;outubro de 1913, no Rio de Janeiro. Foi um&nbsp;poeta essencialmente l\u00edrico, o que lhe renderia o apelido&nbsp;\u201cpoetinha\u201d. \u00c9 autor de \u201cSoneto de Fidelidade\u201d, e da pe\u00e7a \u201cOrfeu da Concei\u00e7\u00e3o\u201d, e um dos&nbsp;precursores do ritmo Bossa Nova.<\/li><li><strong>Mario Quintana<\/strong>: poeta, tradutor e jornalista, nasceu em&nbsp;julho de 1906, em Alegrete (RS). conhecido como o \u201cpoeta das coisas simples\u201d, e&nbsp;um dos mais queridos pelos leitores&nbsp;brasileiros.<\/li><li><strong>Carlos Drummond de Andrade<\/strong>: poeta, contista e cronista,&nbsp;considerado por muitos como o poeta mais influente da literatura brasileira, nasceu em&nbsp;outubro de 1902, em&nbsp;Itabira&nbsp;(MG). Dono de uma&nbsp;poesia concreta, objetiva&nbsp;e com linguagem mais popular. Entre&nbsp;suas principais obras&nbsp;est\u00e3o \u201cA Rosa do Povo\u201d.<\/li><\/ul>\n\n\n\n<p><strong>Terceira Fase<\/strong><\/p>\n\n\n\n<div class=\"wp-block-image\"><figure class=\"aligncenter\"><img decoding=\"async\" src=\"https:\/\/s2.glbimg.com\/7OkM62DshdQsPpQPhyyEImI0Cfs=\/0x0:4928x3280\/984x0\/smart\/filters:strip_icc()\/s.glbimg.com\/jo\/g1\/f\/original\/2016\/05\/16\/claricehd.jpg\" alt=\"Bairro do Leme, na Zona Sul do Rio, ganhou est\u00e1tua da escritora Clarice Lispector \u2014 Foto: Fernando Fraz\u00e3o\/Ag\u00eancia Brasil\"\/><figcaption>Bairro do Leme, na Zona Sul do Rio, ganhou est\u00e1tua da escritora Clarice Lispector \u2014 Foto: Fernando Fraz\u00e3o\/Ag\u00eancia Brasil<\/figcaption><\/figure><\/div>\n\n\n\n<ul><li><strong>Jo\u00e3o Guimar\u00e3es Rosa<\/strong>: escritor, diplomata, novelista, romancista, contista e m\u00e9dico, nasceu em&nbsp;junho de 1908. Um dos&nbsp;principais representantes do regionalismo brasileiro, caracter\u00edstica da terceira fase do modernismo. Como atuou como m\u00e9dico e diplomata, come\u00e7ou a publicar aos 38 anos. Entre suas principais obras est\u00e1 o cl\u00e1ssico \u201cGrande Sert\u00e3o: Veredas\u201d.<\/li><li><strong>Clarice Lispector<\/strong>: escritora e jornalista brasileira nascida na Ucr\u00e2nia em dezembro de 1920,&nbsp;Clarisse&nbsp;\u00e9&nbsp;uma das autoras brasileiras mais populares&nbsp;nacional e&nbsp;mundialmente. Entre suas principais obras est\u00e3o \u201cUma Aprendizagem: ou o Livro dos Saberes\u201d. Em 2020, ela completaria cem anos de idade.<\/li><li><strong>Jo\u00e3o Cabral de Melo Neto<\/strong>: poeta e diplomata&nbsp;nascido em janeiro de 1920, em Recife (PE). Inspirado desde crian\u00e7a pela literatura de cordel, Jo\u00e3o Cabral produziu uma&nbsp;poesia objetiva e racional. Entre suas principais obras est\u00e3o \u201cC\u00e3o sem Plumas\u201d e \u201cMorte e Vida Severina\u201d. O poeta&nbsp;completaria cem anos em 2020.<\/li><\/ul>\n\n\n\n<h2>P\u00f3s-modernismo<\/h2>\n\n\n\n<div class=\"wp-block-image\"><figure class=\"aligncenter\"><img decoding=\"async\" src=\"https:\/\/s2.glbimg.com\/Kce7wzGygHXhCMoBXFQcACo2aBE=\/0x0:1240x879\/984x0\/smart\/filters:strip_icc()\/s.glbimg.com\/jo\/g1\/f\/original\/2016\/02\/03\/12628568_1691897351053416_3565700051809010943_o.jpg\" alt=\"A escritora Lygia Fagundes Telles \u2014 Foto: Divulga\u00e7\u00e3o\/UBE\"\/><figcaption>A escritora Lygia Fagundes Telles \u2014 Foto: Divulga\u00e7\u00e3o\/UBE<\/figcaption><\/figure><\/div>\n\n\n\n<ul><li><strong>Manoel de Barros<\/strong>: poeta&nbsp;nascido em 1916, em Cuiab\u00e1&nbsp;(MT), ficou conhecido pela sua&nbsp;po\u00e9tica bastante livre e que versava sobre as coisas pequenas e singelas, observando o mundo a partir do&nbsp;universo particular. Entre suas principais obras est\u00e1 o \u201cLivro das Ignor\u00e3\u00e7as\u201d.<\/li><li><strong>Lygia Fagundes Teles<\/strong>: considerada \u201ca maior escritora brasilelira viva\u201d,&nbsp;Lygia Fagundes&nbsp;nasceu em abril de 1923, em S\u00e3o Paulo. Foi presidente da Cinemateca Brasileira e indicada ao pr\u00eamio&nbsp;Nobel de literatura em 2016. Entre suas principais obras est\u00e3o \u201cAs Meninas\u201d e \u201cA Estrutura da Bolha de Sab\u00e3o\u201d.<\/li><li><strong>Dalton Trevisan<\/strong>: escritor nascido em Curitiba (PR), em 1925, Dalton Trevisan ficou conhecido pelo&nbsp;estilo conciso de seus contos, e dos&nbsp;temas controversos explorados por ele. \u00c9 conhecido tamb\u00e9m pelo seu&nbsp;jeito recluso de viver. Sua obra principal \u00e9 \u201cO Vampiro de Curitiba\u201d.<\/li><li><strong>Ferreira Gullar<\/strong>: escritor, poeta, cr\u00edtico de arte, bi\u00f3grafo, tradutor, memorialista e ensa\u00edsta e um dos fundadores do neoconcretismo,&nbsp;nasceu em 10 de setembro&nbsp;em S\u00e3o Lu\u00eds, no Maranh\u00e3o. A obra de&nbsp;Ferreira Gullar&nbsp;ficou&nbsp;marcada principalmente pelas quest\u00f5es pol\u00edticas e sociais. O posicionamento pol\u00edtico, inclusive, fez com que&nbsp;Gullar&nbsp;fosse&nbsp;exilado durante o regime militar brasileiro.<\/li><\/ul>\n\n\n\n<h2>Movimentos p\u00f3s-modernos:<\/h2>\n\n\n\n<div class=\"wp-block-image\"><figure class=\"aligncenter\"><img decoding=\"async\" src=\"https:\/\/s2.glbimg.com\/pJpVlEzAuLzthppMaVltwu2e8O4=\/0x0:653x401\/984x0\/smart\/filters:strip_icc()\/i.s3.glbimg.com\/v1\/AUTH_59edd422c0c84a879bd37670ae4f538a\/internal_photos\/bs\/2018\/r\/R\/J7mq0uRhSyzEqzrhgYQg\/torquato2-reproducao.jpg\" alt=\"Document\u00e1rio conta a hist\u00f3ria do artista Torquato Neto  \u2014 Foto: Reprodu\u00e7\u00e3o \"\/><figcaption>Document\u00e1rio conta a hist\u00f3ria do artista Torquato Neto \u2014 Foto: Reprodu\u00e7\u00e3o<\/figcaption><\/figure><\/div>\n\n\n\n<ul><li><strong>Concretistas<\/strong><strong>:&nbsp;<\/strong>movimento art\u00edstico iniciado nos anos 50, o concretismo era notadamente racionalista, buscando na arte&nbsp;a express\u00e3o de um geometrismo extremo. Os maiores expoentes concretistas no Brasil s\u00e3o os irm\u00e3os Haroldo (1929) e&nbsp;Auguso de Campos&nbsp;(1931) e&nbsp;D\u00e9cio Pignatari&nbsp;(1927), todos eles paulistas.<\/li><li><strong>Literatura marginal (ou gera\u00e7\u00e3o mime\u00f3grafo)<\/strong>: resultado da forte repress\u00e3o quehavia contra o trabalho art\u00edstico durante o regime militar de governo no Brasil durante as d\u00e9cadas de 60 a 80, a gera\u00e7\u00e3o marginal da literatura brasileira se caracterizou por uma produ\u00e7\u00e3o que buscava fugir dos padr\u00f5es est\u00e9ticos e editoriais da \u00e9poca. Entre suas caracter\u00edstica est\u00e1 distribui\u00e7\u00e3o \u201ccaseira\u201d das obras, da\u00ed o apelido \u201cgera\u00e7\u00e3o mime\u00f3grafo\u201d, e sua&nbsp;influ\u00eancia segue at\u00e9 hoje&nbsp;nos trabalhos de&nbsp;jovens de periferia de capitais brasileiras. Entre seus principais nomes est\u00e1 o nosso \u201canjo torto\u201d, o poeta, letrista , jornalista e cineasta&nbsp;piauiense Torquato Neto&nbsp;(1944), al\u00e9m do escritor, poeta, cr\u00edtico liter\u00e1rio, tradutor e professor curitibano&nbsp;Paulo Leminski&nbsp;(1944) e a&nbsp;poeta, cr\u00edtica liter\u00e1ria, professora&nbsp;e tradutora&nbsp;Ana Cristina C\u00e9sar&nbsp;(1952).<\/li><\/ul>\n\n\n\n<p><strong>Fonte: G1<\/strong><\/p>\n","protected":false},"excerpt":{"rendered":"<p>A prova de literatura do Enem costuma preocupar os estudantes, que temem a quantidade de conte\u00fado que ter\u00e3o de esmiu\u00e7ar para garantir uma boa nota. Mas o professor R\u00f4mulo Arantes indica o caminho das pedras e lista aqui os autores que devem cair na prova. Dica de ouro: em 2020, dois dos mais importantes escritores [&hellip;]<\/p>\n","protected":false},"author":1,"featured_media":16691,"comment_status":"open","ping_status":"open","sticky":false,"template":"","format":"standard","meta":{"beyondwords_generate_audio":"","beyondwords_project_id":"","beyondwords_podcast_id":"","beyondwords_hash":"","beyondwords_error_message":"","beyondwords_disabled":"","publish_post_to_speechkit":"","speechkit_generate_audio":"","speechkit_project_id":"","speechkit_podcast_id":"","speechkit_hash":"","speechkit_error_message":"","speechkit_disabled":"","speechkit_access_key":"","speechkit_error":"","speechkit_info":"","speechkit_response":"","speechkit_retries":"","_speechkit_link":"","_speechkit_text":""},"categories":[394,134],"tags":[1308,1845,44,5614,395,6975,6538,811,6976,380],"jetpack_featured_media_url":"","_links":{"self":[{"href":"https:\/\/pinews.com.br\/index.php\/wp-json\/wp\/v2\/posts\/16690"}],"collection":[{"href":"https:\/\/pinews.com.br\/index.php\/wp-json\/wp\/v2\/posts"}],"about":[{"href":"https:\/\/pinews.com.br\/index.php\/wp-json\/wp\/v2\/types\/post"}],"author":[{"embeddable":true,"href":"https:\/\/pinews.com.br\/index.php\/wp-json\/wp\/v2\/users\/1"}],"replies":[{"embeddable":true,"href":"https:\/\/pinews.com.br\/index.php\/wp-json\/wp\/v2\/comments?post=16690"}],"version-history":[{"count":0,"href":"https:\/\/pinews.com.br\/index.php\/wp-json\/wp\/v2\/posts\/16690\/revisions"}],"wp:featuredmedia":[{"embeddable":true,"href":"https:\/\/pinews.com.br\/index.php\/wp-json\/"}],"wp:attachment":[{"href":"https:\/\/pinews.com.br\/index.php\/wp-json\/wp\/v2\/media?parent=16690"}],"wp:term":[{"taxonomy":"category","embeddable":true,"href":"https:\/\/pinews.com.br\/index.php\/wp-json\/wp\/v2\/categories?post=16690"},{"taxonomy":"post_tag","embeddable":true,"href":"https:\/\/pinews.com.br\/index.php\/wp-json\/wp\/v2\/tags?post=16690"}],"curies":[{"name":"wp","href":"https:\/\/api.w.org\/{rel}","templated":true}]}}