{"id":16717,"date":"2020-12-15T19:08:52","date_gmt":"2020-12-15T22:08:52","guid":{"rendered":"https:\/\/pinews.com.br\/?p=16717"},"modified":"2020-12-15T19:08:52","modified_gmt":"2020-12-15T22:08:52","slug":"governo-preve-salario-minimo-de-r-1-088-em-2021","status":"publish","type":"post","link":"https:\/\/pinews.com.br\/index.php\/2020\/12\/15\/governo-preve-salario-minimo-de-r-1-088-em-2021\/","title":{"rendered":"Governo prev\u00ea sal\u00e1rio m\u00ednimo de R$ 1.088 em 2021"},"content":{"rendered":"\n<p>O governo elevou para R$ 1.088 a proje\u00e7\u00e3o de aumento do sal\u00e1rio m\u00ednimo no pr\u00f3ximo ano. Em agosto, a previs\u00e3o do Minist\u00e9rio da Economia era que o piso salarial subisse do valor atual (R$ 1.045) para R$ 1.067.<\/p>\n\n\n\n<p>Nesta ter\u00e7a-feira (15), o ministro Paulo Guedes (Economia) atualizou a estimativa, diante do aumento da infla\u00e7\u00e3o nos \u00faltimos meses.<\/p>\n\n\n\n<p>A revis\u00e3o na proje\u00e7\u00e3o de sal\u00e1rio m\u00ednimo se deve ao c\u00e1lculo do reajuste, que considera a infla\u00e7\u00e3o, sem previs\u00e3o de ganho real. Diante de uma alta mais acelerada nos pre\u00e7os, o governo espera que o valor do sal\u00e1rio m\u00ednimo seja maior do que o anunciado anteriormente.<\/p>\n\n\n\n<p>Em abril, a estimativa era que o piso salarial fosse de R$ 1.079 no pr\u00f3ximo ano. Depois, foi revista para R$ 1.067. O governo n\u00e3o prev\u00ea reajuste do piso em 2021 acima da infla\u00e7\u00e3o, como foi feito em gest\u00f5es anteriores a Jair Bolsonaro (sem partido).<\/p>\n\n\n\n<p>Para o crescimento do PIB (Produto Interno Bruto) em 2021, foi mantida a estimativa mais recente, para o crescimento da economia brasileira, com alta prevista de 3,2%.<\/p>\n\n\n\n<p>A mudan\u00e7a na perspectiva para o sal\u00e1rio m\u00ednimo foi apresentada em of\u00edcio enviado por Guedes ao Congresso, pedindo ajustes no projeto da LDO (Lei de Diretrizes Or\u00e7ament\u00e1rias) de 2021. Essa proposta deve ser votada nesta quarta (16) em sess\u00e3o conjunta do Congresso.<\/p>\n\n\n\n<p>O valor exato do novo piso nacional \u00e9 geralmente decidiu nos \u00faltimos dias do ano. Assim, o governo tem um panorama mais claro da infla\u00e7\u00e3o em 2020 para, ent\u00e3o, reajustar o sal\u00e1rio m\u00ednimo.<br>O \u00edndice usado para corrigir esse valor \u00e9 o INPC (\u00cdndice Nacional de Pre\u00e7os ao Consumidor). No ano, o INPC acumula alta de 3,93% e, nos \u00faltimos 12 meses, de 5,2%, segundo o IBGE.<br>O governo, ao longo do ano, chegou a projetar que o \u00edndice fecharia o ano em 2%.<\/p>\n\n\n\n<p>Portanto, para manter o poder de compra do sal\u00e1rio m\u00ednimo, a estimativa de corre\u00e7\u00e3o do piso salarial teve que ser ajustada.<\/p>\n\n\n\n<p>A acelera\u00e7\u00e3o da infla\u00e7\u00e3o gera efeito nas despesas p\u00fablicas, elevando os gastos do governo no pr\u00f3ximo ano.<\/p>\n\n\n\n<p>Al\u00e9m de corrigir o sal\u00e1rio m\u00ednimo, o INPC \u00e9 usado para reajustar o abono salarial e BPC (assist\u00eancia a idosos carentes e deficientes f\u00edsicos), e tamb\u00e9m o impacto em pagamentos do INSS (Instituto Nacional do Seguro Social) e do seguro-desemprego, por exemplo.<\/p>\n\n\n\n<p>Isso pressiona ainda mais o Or\u00e7amento do pr\u00f3ximo ano, pois o teto de gastos para 2021 foi reajustado com base na infla\u00e7\u00e3o, medida pelo IPCA, acumulada nos \u00faltimos 12 meses at\u00e9 junho (2,13%). Portanto, abaixo do comportamento do INPC.<\/p>\n\n\n\n<p>O teto de gastos foi criado em 2016, durante o governo do ex-presidente Michel Temer (MDB), e impede que as despesas p\u00fablicas cres\u00e7am acima da infla\u00e7\u00e3o.<\/p>\n\n\n\n<p>Como o Or\u00e7amento de 2021 precisa ser apresentado at\u00e9 o fim agosto, a corre\u00e7\u00e3o do valor \u00e9 feita com base no IPCA acumulado at\u00e9 junho, que, nesse ano, somou 2,13% \u2013 a taxa mais baixa desde que o limite de despesas come\u00e7ou a vigorar.<\/p>\n\n\n\n<p>Na \u00e9poca, o Minist\u00e9rio da Economia informou que isso n\u00e3o se traduz diretamente em cortes dos programas de governo nas despesas discricion\u00e1rias (que n\u00e3o s\u00e3o obrigat\u00f3rias), pois &#8220;a menor infla\u00e7\u00e3o representar\u00e1 tamb\u00e9m menor aumento das despesas obrigat\u00f3rias indexadas&#8221;<\/p>\n\n\n\n<p>No entanto, a pasta j\u00e1 estuda, agora, como ajustar o projeto de Or\u00e7amento de 2021 para acomodar o aumento das despesas obrigat\u00f3rias, como aposentadorias e benef\u00edcios sociais, e, assim, cortar gastos em outras \u00e1reas para n\u00e3o estourar o teto de gastos.<\/p>\n\n\n\n<p><br><strong>Fonte: Folhapress<\/strong><\/p>\n","protected":false},"excerpt":{"rendered":"<p>O governo elevou para R$ 1.088 a proje\u00e7\u00e3o de aumento do sal\u00e1rio m\u00ednimo no pr\u00f3ximo ano. Em agosto, a previs\u00e3o do Minist\u00e9rio da Economia era que o piso salarial subisse do valor atual (R$ 1.045) para R$ 1.067. Nesta ter\u00e7a-feira (15), o ministro Paulo Guedes (Economia) atualizou a estimativa, diante do aumento da infla\u00e7\u00e3o nos [&hellip;]<\/p>\n","protected":false},"author":1,"featured_media":16718,"comment_status":"open","ping_status":"open","sticky":false,"template":"","format":"standard","meta":{"beyondwords_generate_audio":"","beyondwords_project_id":"","beyondwords_podcast_id":"","beyondwords_hash":"","beyondwords_error_message":"","beyondwords_disabled":"","publish_post_to_speechkit":"","speechkit_generate_audio":"","speechkit_project_id":"","speechkit_podcast_id":"","speechkit_hash":"","speechkit_error_message":"","speechkit_disabled":"","speechkit_access_key":"","speechkit_error":"","speechkit_info":"","speechkit_response":"","speechkit_retries":"","_speechkit_link":"","_speechkit_text":""},"categories":[516,134],"tags":[6992,2254,44,46,458,518,694,520],"jetpack_featured_media_url":"","_links":{"self":[{"href":"https:\/\/pinews.com.br\/index.php\/wp-json\/wp\/v2\/posts\/16717"}],"collection":[{"href":"https:\/\/pinews.com.br\/index.php\/wp-json\/wp\/v2\/posts"}],"about":[{"href":"https:\/\/pinews.com.br\/index.php\/wp-json\/wp\/v2\/types\/post"}],"author":[{"embeddable":true,"href":"https:\/\/pinews.com.br\/index.php\/wp-json\/wp\/v2\/users\/1"}],"replies":[{"embeddable":true,"href":"https:\/\/pinews.com.br\/index.php\/wp-json\/wp\/v2\/comments?post=16717"}],"version-history":[{"count":0,"href":"https:\/\/pinews.com.br\/index.php\/wp-json\/wp\/v2\/posts\/16717\/revisions"}],"wp:featuredmedia":[{"embeddable":true,"href":"https:\/\/pinews.com.br\/index.php\/wp-json\/"}],"wp:attachment":[{"href":"https:\/\/pinews.com.br\/index.php\/wp-json\/wp\/v2\/media?parent=16717"}],"wp:term":[{"taxonomy":"category","embeddable":true,"href":"https:\/\/pinews.com.br\/index.php\/wp-json\/wp\/v2\/categories?post=16717"},{"taxonomy":"post_tag","embeddable":true,"href":"https:\/\/pinews.com.br\/index.php\/wp-json\/wp\/v2\/tags?post=16717"}],"curies":[{"name":"wp","href":"https:\/\/api.w.org\/{rel}","templated":true}]}}